{"id":15919,"date":"2021-10-02T09:59:31","date_gmt":"2021-10-02T14:59:31","guid":{"rendered":"https:\/\/a3noticias.com.mx\/sandbox\/?p=15919"},"modified":"2021-10-02T09:59:32","modified_gmt":"2021-10-02T14:59:32","slug":"desvio-temporal-de-rutas-en-tequisquiapan-y-san-juan-del-rio-por-lluvias","status":"publish","type":"post","link":"https:\/\/a3noticias.com.mx\/sandbox\/2021\/10\/02\/desvio-temporal-de-rutas-en-tequisquiapan-y-san-juan-del-rio-por-lluvias\/","title":{"rendered":"Desv\u00edo temporal de rutas en Tequisquiapan y San Juan del R\u00edo por lluvias"},"content":{"rendered":"\n<p>El Instituto Queretano del Transporte (IQT) informa que debido a las afectaciones registradas por las recientes precipitaciones en los municipios de Tequisquiapan y San Juan del R\u00edo, algunas rutas del transporte p\u00fablico urbano sufrir\u00e1n desv\u00edos temporales hasta nuevo aviso.<\/p>\n\n\n\n<p>En conjunto con los representantes de las empresas concesionarias de los municipios de San Juan del R\u00edo y Tequisquiapan, se han determinado los siguientes ajustes:<\/p>\n\n\n\n<p>Por cierre de la calle Heroico Colegio Militar, en Tequisquiapan:<\/p>\n\n\n\n<ul class=\"wp-block-list\"><li>1.\u00a0\u00a0\u00a0\u00a0\u00a0\u00a0\u00a0\u00a0Rutas 1A y 2: Circular\u00e1 por detr\u00e1s del templo de Santa Mar\u00eda de la Asunci\u00f3n y har\u00e1 parada afuera del Hotel Neptuno.<\/li><li>2.\u00a0\u00a0\u00a0\u00a0\u00a0\u00a0\u00a0\u00a0Rutas 5, 8 y 9. Llegar\u00e1 a calle Francisco I. Madero y retornar\u00e1 para continuar su ruta con normalidad.<\/li><li>3.\u00a0\u00a0\u00a0\u00a0\u00a0\u00a0\u00a0\u00a0Rutas 1A, 2 y 3. Avanzar\u00e1 por Ribera del R\u00edo hasta la calle Francisco I. Madero; continuar\u00e1 por calle Moctezuma y seguir\u00e1 su recorrido sin regresar al centro.<\/li><li>4.\u00a0\u00a0\u00a0\u00a0\u00a0\u00a0\u00a0\u00a0Para el regreso de las rutas 1A, 1B, 2 y 3. Saldr\u00e1n de la colonia Magdalena, v\u00eda Carretera Quer\u00e9taro-Tequisquiapan, circular\u00e1 de oriente a poniente hasta la colonia Adolfo L\u00f3pez Mateos y posteriormente hasta la Central de Autobuses de Tequisquiapan.<\/li><\/ul>\n\n\n\n<p>En San Juan del R\u00edo:<\/p>\n\n\n\n<ul class=\"wp-block-list\"><li>1.\u00a0\u00a0\u00a0\u00a0\u00a0\u00a0\u00a0\u00a0Rutas 47 y 9B. En el Fraccionamiento La Rueda concluir\u00e1 el recorrido en el acceso de la colonia.<\/li><li>2.\u00a0\u00a0\u00a0\u00a0\u00a0\u00a0\u00a0\u00a0Rutas 8 y 46. Sufren recorte temporal de ruta y solo llegar\u00e1n hasta el acceso de la colonia Manantiales.<\/li><\/ul>\n\n\n\n<p>Asimismo, el IQT informa a la poblaci\u00f3n que, durante la madrugada de este viernes, concesionarios de CTM y FTEQ de San Juan del R\u00edo apoyaron en las labores de evacuaci\u00f3n para trasladar a personas de La Rueda y Manantiales al albergue habilitado en el Centro Cultural y de Convenciones (CECUCO).<\/p>\n\n\n\n<p>Se reitera a la poblaci\u00f3n que el traslado al albergue es gratuito y se continuar\u00e1 brindando este apoyo el tiempo que contin\u00fae la temporada de lluvias.<\/p>\n\n\n\n<p>Desde el IQT reiteramos nuestro reconocimiento a los concesionarios del transporte p\u00fablico, quienes sensibles a la situaci\u00f3n por la que atraviesan las y los queretanos, se suman a las labores de apoyo que emprenden el Gobierno del Estado y los Ayuntamientos de San Juan del R\u00edo y Tequisquiapan, para hacer frente a esta problem\u00e1tica.<\/p>\n\n\n\n<p>El servicio de transporte p\u00fablico urbano y suburbano de ambos municipios se continuar\u00e1 brindando de manera habitual, salvo los ajustes anunciados.<\/p>\n\n\n\n<p>Por \u00faltimo, se invita a la poblaci\u00f3n a mantenerse informado a trav\u00e9s de los canales oficiales de Gobierno del Estado, as\u00ed como de los municipios de San Juan del R\u00edo y Tequisquiapan, y atender las recomendaciones que emitan durante esta contingencia.<\/p>\n","protected":false},"excerpt":{"rendered":"<p>El Instituto Queretano del Transporte (IQT) informa que debido a las afectaciones registradas por las recientes precipitaciones en los municipios de Tequisquiapan y San Juan del R\u00edo, algunas rutas del &hellip; <a href=\"https:\/\/a3noticias.com.mx\/sandbox\/2021\/10\/02\/desvio-temporal-de-rutas-en-tequisquiapan-y-san-juan-del-rio-por-lluvias\/\" class=\"more-link\">Leer m\u00e1s<\/a><\/p>\n","protected":false},"author":4,"featured_media":15920,"comment_status":"open","ping_status":"open","sticky":false,"template":"","format":"standard","meta":{"_monsterinsights_skip_tracking":false,"_monsterinsights_sitenote_active":false,"_monsterinsights_sitenote_note":"","_monsterinsights_sitenote_category":0,"footnotes":""},"categories":[2],"tags":[],"class_list":["post-15919","post","type-post","status-publish","format-standard","has-post-thumbnail","hentry","category-qro","entry"],"aioseo_notices":[],"_links":{"self":[{"href":"https:\/\/a3noticias.com.mx\/sandbox\/wp-json\/wp\/v2\/posts\/15919","targetHints":{"allow":["GET"]}}],"collection":[{"href":"https:\/\/a3noticias.com.mx\/sandbox\/wp-json\/wp\/v2\/posts"}],"about":[{"href":"https:\/\/a3noticias.com.mx\/sandbox\/wp-json\/wp\/v2\/types\/post"}],"author":[{"embeddable":true,"href":"https:\/\/a3noticias.com.mx\/sandbox\/wp-json\/wp\/v2\/users\/4"}],"replies":[{"embeddable":true,"href":"https:\/\/a3noticias.com.mx\/sandbox\/wp-json\/wp\/v2\/comments?post=15919"}],"version-history":[{"count":1,"href":"https:\/\/a3noticias.com.mx\/sandbox\/wp-json\/wp\/v2\/posts\/15919\/revisions"}],"predecessor-version":[{"id":15921,"href":"https:\/\/a3noticias.com.mx\/sandbox\/wp-json\/wp\/v2\/posts\/15919\/revisions\/15921"}],"wp:featuredmedia":[{"embeddable":true,"href":"https:\/\/a3noticias.com.mx\/sandbox\/wp-json\/wp\/v2\/media\/15920"}],"wp:attachment":[{"href":"https:\/\/a3noticias.com.mx\/sandbox\/wp-json\/wp\/v2\/media?parent=15919"}],"wp:term":[{"taxonomy":"category","embeddable":true,"href":"https:\/\/a3noticias.com.mx\/sandbox\/wp-json\/wp\/v2\/categories?post=15919"},{"taxonomy":"post_tag","embeddable":true,"href":"https:\/\/a3noticias.com.mx\/sandbox\/wp-json\/wp\/v2\/tags?post=15919"}],"curies":[{"name":"wp","href":"https:\/\/api.w.org\/{rel}","templated":true}]}}