{"id":15922,"date":"2021-10-02T10:15:41","date_gmt":"2021-10-02T15:15:41","guid":{"rendered":"https:\/\/a3noticias.com.mx\/sandbox\/?p=15922"},"modified":"2021-10-02T10:15:43","modified_gmt":"2021-10-02T15:15:43","slug":"municipio-de-queretaro-atiende-afectaciones-por-lluvias-en-la-gotera-palo-alto-y-jofre","status":"publish","type":"post","link":"https:\/\/a3noticias.com.mx\/sandbox\/2021\/10\/02\/municipio-de-queretaro-atiende-afectaciones-por-lluvias-en-la-gotera-palo-alto-y-jofre\/","title":{"rendered":"Municipio de Quer\u00e9taro atiende afectaciones por lluvias en La Gotera, Palo Alto y Jofre"},"content":{"rendered":"\n<p>Derivado de las precipitaciones registradas en la zona norte de nuestro municipio, la Coordinaci\u00f3n Municipal de Protecci\u00f3n Civil, con apoyo de las distintas dependencias municipales y de Protecci\u00f3n Civil del Estado, la noche del viernes y madrugada de este s\u00e1bado atendi\u00f3 la creciente de los drenes pluviales y agr\u00edcolas que se encuentran en las comunidades de La Gotera, Palo Alto y Jofre, principalmente las ubicadas a lo largo de la vialidad de Arroyo Pileta, en donde se registraron afectaciones menores en 20 viviendas, en las que se entreg\u00f3 costalera para evitar cualquier afectaci\u00f3n mayor.<\/p>\n\n\n\n<p>Gracias al constante monitoreo de los cuerpos de agua del municipio y a la participaci\u00f3n de la ciudadan\u00eda, los trabajos de prevenci\u00f3n y mitigaci\u00f3n se realizaron de manera oportuna y coordinada, evitando que las avenidas de agua representaran alg\u00fan riesgo para la integridad de los habitantes del lugar, y se evitara que los da\u00f1os en alrededor de 20 viviendas fueran mayores.<\/p>\n\n\n\n<p>En estas acciones participaron elementos de la Delegaci\u00f3n Santa Rosa J\u00e1uregui, la Secretar\u00eda de Servicios P\u00fablicos Municipales de Quer\u00e9taro, la Secretar\u00eda de Seguridad P\u00fablica Municipal de Quer\u00e9taro, Acci\u00f3n Policial Quer\u00e9taro, y la Coordinaci\u00f3n Estatal de Protecci\u00f3n Civil de Quer\u00e9taro.<\/p>\n\n\n\n<p>A lo largo de este d\u00eda se dar\u00e1 continuidad al censo para el levantamiento de da\u00f1os y necesidades por parte de brigadas coordinadas por la Secretar\u00eda de Desarrollo Humano y Social del Municipio de Quer\u00e9taro.<\/p>\n","protected":false},"excerpt":{"rendered":"<p>Derivado de las precipitaciones registradas en la zona norte de nuestro municipio, la Coordinaci\u00f3n Municipal de Protecci\u00f3n Civil, con apoyo de las distintas dependencias municipales y de Protecci\u00f3n Civil del &hellip; <a href=\"https:\/\/a3noticias.com.mx\/sandbox\/2021\/10\/02\/municipio-de-queretaro-atiende-afectaciones-por-lluvias-en-la-gotera-palo-alto-y-jofre\/\" class=\"more-link\">Leer m\u00e1s<\/a><\/p>\n","protected":false},"author":4,"featured_media":15923,"comment_status":"open","ping_status":"open","sticky":false,"template":"","format":"standard","meta":{"_monsterinsights_skip_tracking":false,"_monsterinsights_sitenote_active":false,"_monsterinsights_sitenote_note":"","_monsterinsights_sitenote_category":0,"footnotes":""},"categories":[2],"tags":[],"class_list":["post-15922","post","type-post","status-publish","format-standard","has-post-thumbnail","hentry","category-qro","entry"],"aioseo_notices":[],"_links":{"self":[{"href":"https:\/\/a3noticias.com.mx\/sandbox\/wp-json\/wp\/v2\/posts\/15922","targetHints":{"allow":["GET"]}}],"collection":[{"href":"https:\/\/a3noticias.com.mx\/sandbox\/wp-json\/wp\/v2\/posts"}],"about":[{"href":"https:\/\/a3noticias.com.mx\/sandbox\/wp-json\/wp\/v2\/types\/post"}],"author":[{"embeddable":true,"href":"https:\/\/a3noticias.com.mx\/sandbox\/wp-json\/wp\/v2\/users\/4"}],"replies":[{"embeddable":true,"href":"https:\/\/a3noticias.com.mx\/sandbox\/wp-json\/wp\/v2\/comments?post=15922"}],"version-history":[{"count":1,"href":"https:\/\/a3noticias.com.mx\/sandbox\/wp-json\/wp\/v2\/posts\/15922\/revisions"}],"predecessor-version":[{"id":15924,"href":"https:\/\/a3noticias.com.mx\/sandbox\/wp-json\/wp\/v2\/posts\/15922\/revisions\/15924"}],"wp:featuredmedia":[{"embeddable":true,"href":"https:\/\/a3noticias.com.mx\/sandbox\/wp-json\/wp\/v2\/media\/15923"}],"wp:attachment":[{"href":"https:\/\/a3noticias.com.mx\/sandbox\/wp-json\/wp\/v2\/media?parent=15922"}],"wp:term":[{"taxonomy":"category","embeddable":true,"href":"https:\/\/a3noticias.com.mx\/sandbox\/wp-json\/wp\/v2\/categories?post=15922"},{"taxonomy":"post_tag","embeddable":true,"href":"https:\/\/a3noticias.com.mx\/sandbox\/wp-json\/wp\/v2\/tags?post=15922"}],"curies":[{"name":"wp","href":"https:\/\/api.w.org\/{rel}","templated":true}]}}