{"id":15992,"date":"2021-10-09T13:15:53","date_gmt":"2021-10-09T18:15:53","guid":{"rendered":"https:\/\/a3noticias.com.mx\/sandbox\/?p=15992"},"modified":"2021-10-09T13:15:55","modified_gmt":"2021-10-09T18:15:55","slug":"instagram-kids-detenido","status":"publish","type":"post","link":"https:\/\/a3noticias.com.mx\/sandbox\/2021\/10\/09\/instagram-kids-detenido\/","title":{"rendered":"Instagram Kids detenido"},"content":{"rendered":"\n<p>Despu\u00e9s del apag\u00f3n que tuvimos por parte de Facebook y sus plataformas, las situaciones incomodas para Mark Zuckerberg no cesan.<\/p>\n\n\n\n<p>Pues despu\u00e9s de que internamente un ejecutivo de Facebook \u201cfiltrara\u201d que el gigante de &nbsp;las redes sociales buscaban crear una aplicaci\u00f3n para los ni\u00f1os entre 10 y 13 a\u00f1os para subir su contenido tipo Instagram. La mayor\u00eda de los usuarios al enterarse se incomodaron y lo mostraron dentro de las mismas, que se llegaron a hacer encuestas sobre la viabilidad y el continuo desarrollo de esta app.<\/p>\n\n\n\n<p>Pues los resultados fueron totalmente contrarios a lo que los ejecutivos de esta empresa cre\u00edan, ya que en su mayor\u00eda estaban en contra de este proyecto.<\/p>\n\n\n\n<figure class=\"wp-block-image size-medium is-resized\"><img decoding=\"async\" src=\"https:\/\/a3noticias.com.mx\/sandbox\/wp-content\/uploads\/2021\/10\/211005_instagram-kids-support-oppose_v2-300x240.png\" alt=\"\" class=\"wp-image-15993\" width=\"493\" srcset=\"https:\/\/a3noticias.com.mx\/sandbox\/wp-content\/uploads\/2021\/10\/211005_instagram-kids-support-oppose_v2-300x240.png 300w, https:\/\/a3noticias.com.mx\/sandbox\/wp-content\/uploads\/2021\/10\/211005_instagram-kids-support-oppose_v2-113x90.png 113w, https:\/\/a3noticias.com.mx\/sandbox\/wp-content\/uploads\/2021\/10\/211005_instagram-kids-support-oppose_v2-768x614.png 768w, https:\/\/a3noticias.com.mx\/sandbox\/wp-content\/uploads\/2021\/10\/211005_instagram-kids-support-oppose_v2-1536x1229.png 1536w, https:\/\/a3noticias.com.mx\/sandbox\/wp-content\/uploads\/2021\/10\/211005_instagram-kids-support-oppose_v2.png 1920w\" sizes=\"(max-width: 300px) 100vw, 300px\" \/><\/figure>\n\n\n\n<p>La mayor\u00eda de los adultos incluidos padres estuvieron en desacuerdo en la creaci\u00f3n de Instagram Kids<\/p>\n\n\n\n<p>63% de los adultos est\u00e1n en contra de que se creen plataforma de redes sociales enfocadas en ni\u00f1os de 10 a 13<\/p>\n\n\n\n<p>86 % de los padres les preocupa los efectos mentales que podr\u00eda sufrir los ni\u00f1os por estas plataformas<\/p>\n\n\n\n<p>Pero es muy poco el publico que llegara escuchar acerca de esta iniciativa que tenia en sus planes de expansi\u00f3n Facebook<\/p>\n\n\n\n<p>A diferencia de esto, los padres piden mayores herramientas para controlar el uso de las redes en los ni\u00f1os, si somos sinceros al menos conocemos a un familiar, vecino o conocido menor de edad que ya se encuentran dentro de esta plataforma. Y no sabemos los efectos que puedan llevar a los ni\u00f1os dentro de de las redes.<\/p>\n\n\n\n<p><a href=\"https:\/\/about.instagram.com\/blog\/announcements\/pausing-instagram-kids\">https:\/\/about.instagram.com\/blog\/announcements\/pausing-instagram-kids<\/a><\/p>\n\n\n\n<p>Dentro de este mundo de las redes debemos seguir protegiendo a los menores de edad, ya que se manejan conceptos que muy dif\u00edcilmente un ni\u00f1o a esa edad pudiera dimensionar y asimilar, hemos sido testigos de compra de bots, compra de likes y monetizaci\u00f3n de canales y post, y solo esto por mencionar lo mas simple y menos complejo de los efectos mentales que llegasen a tener los usuarios de esta plataforma, sin dejar a un lado los Ciber-predadores y todo los lados oscuros que llegan a tener estas plataformas<\/p>\n\n\n\n<p>Afortunadamente esta pausado de momento, pero en los pr\u00f3ximos a\u00f1os veremos si al final llega una app dirigida a este mercado, en teor\u00eda ya los hace Tiktok y Youtube Kids<\/p>\n","protected":false},"excerpt":{"rendered":"<p>Despu\u00e9s del apag\u00f3n que tuvimos por parte de Facebook y sus plataformas, las situaciones incomodas para Mark Zuckerberg no cesan. Pues despu\u00e9s de que internamente un ejecutivo de Facebook \u201cfiltrara\u201d &hellip; <a href=\"https:\/\/a3noticias.com.mx\/sandbox\/2021\/10\/09\/instagram-kids-detenido\/\" class=\"more-link\">Leer m\u00e1s<\/a><\/p>\n","protected":false},"author":1,"featured_media":15994,"comment_status":"open","ping_status":"open","sticky":false,"template":"","format":"standard","meta":{"_monsterinsights_skip_tracking":false,"_monsterinsights_sitenote_active":false,"_monsterinsights_sitenote_note":"","_monsterinsights_sitenote_category":0,"footnotes":""},"categories":[21],"tags":[],"class_list":["post-15992","post","type-post","status-publish","format-standard","has-post-thumbnail","hentry","category-tecnologia","entry"],"aioseo_notices":[],"_links":{"self":[{"href":"https:\/\/a3noticias.com.mx\/sandbox\/wp-json\/wp\/v2\/posts\/15992","targetHints":{"allow":["GET"]}}],"collection":[{"href":"https:\/\/a3noticias.com.mx\/sandbox\/wp-json\/wp\/v2\/posts"}],"about":[{"href":"https:\/\/a3noticias.com.mx\/sandbox\/wp-json\/wp\/v2\/types\/post"}],"author":[{"embeddable":true,"href":"https:\/\/a3noticias.com.mx\/sandbox\/wp-json\/wp\/v2\/users\/1"}],"replies":[{"embeddable":true,"href":"https:\/\/a3noticias.com.mx\/sandbox\/wp-json\/wp\/v2\/comments?post=15992"}],"version-history":[{"count":5,"href":"https:\/\/a3noticias.com.mx\/sandbox\/wp-json\/wp\/v2\/posts\/15992\/revisions"}],"predecessor-version":[{"id":15999,"href":"https:\/\/a3noticias.com.mx\/sandbox\/wp-json\/wp\/v2\/posts\/15992\/revisions\/15999"}],"wp:featuredmedia":[{"embeddable":true,"href":"https:\/\/a3noticias.com.mx\/sandbox\/wp-json\/wp\/v2\/media\/15994"}],"wp:attachment":[{"href":"https:\/\/a3noticias.com.mx\/sandbox\/wp-json\/wp\/v2\/media?parent=15992"}],"wp:term":[{"taxonomy":"category","embeddable":true,"href":"https:\/\/a3noticias.com.mx\/sandbox\/wp-json\/wp\/v2\/categories?post=15992"},{"taxonomy":"post_tag","embeddable":true,"href":"https:\/\/a3noticias.com.mx\/sandbox\/wp-json\/wp\/v2\/tags?post=15992"}],"curies":[{"name":"wp","href":"https:\/\/api.w.org\/{rel}","templated":true}]}}