{"id":16004,"date":"2021-10-07T10:08:08","date_gmt":"2021-10-07T15:08:08","guid":{"rendered":"https:\/\/a3noticias.com.mx\/sandbox\/?p=16004"},"modified":"2021-10-07T10:08:10","modified_gmt":"2021-10-07T15:08:10","slug":"continua-el-recuento-de-los-danos-en-tequisquiapan-tras-inundaciones","status":"publish","type":"post","link":"https:\/\/a3noticias.com.mx\/sandbox\/2021\/10\/07\/continua-el-recuento-de-los-danos-en-tequisquiapan-tras-inundaciones\/","title":{"rendered":"Contin\u00faa el recuento de los da\u00f1os en Tequisquiapan tras inundaciones"},"content":{"rendered":"\n<p>Protecci\u00f3n civil de Tequisquiapan inform\u00f3 que la Presa Centenario se encuentra al 117% de su capacidad, debido a que registra un escurrimiento de 15 m3\/s&nbsp;del r\u00edo San Juan con un gasto del vertedor de un 73.3 m3\/s.<\/p>\n\n\n\n<p>Tequisquiapan continuar\u00e1 en sem\u00e1foro rojo hasta que descienda el nivel del agua de la Presa Centenario y las lluvias cesen, as\u00ed lo inform\u00f3 el Comit\u00e9 T\u00e9cnico de Operaciones.<\/p>\n\n\n\n<p>El servicio de agua potable ya fue reestablecido en las zonas con desabasto y se han verificado las condiciones sanitarias de la red de de distribuci\u00f3n de agua potable a trav\u00e9s de 48 determinaciones de cloro residual.<\/p>\n\n\n\n<p>Por su parte, personal m\u00e9dico de las brigadas epidemiol\u00f3gicas y de protecci\u00f3n contra riesgos sanitarios de las Jurisdicciones Sanitarias n\u00famero uno y dos, de la Secretar\u00eda de Salud, est\u00e1n proporcionando apoyo a los damnificados por las lluvias registradas en Tequisquiapan, as\u00ed como en los municipios de El Marqu\u00e9s, Quer\u00e9taro y San Juan del R\u00edo.<\/p>\n\n\n\n<p>M\u00e1s de 300 kilos de alimento y 600 litros de bebidas resultaron da\u00f1ados por las inundaciones. Se encuentran abiertas las vialidades Avenida Jazm\u00edn, Fray Jun\u00edpero y 5 de Mayo, mientras que, la Calle Ezequiel Montes y Rivera del R\u00edo, permanecer\u00e1n cerradas al paso vehicular hasta obtener los resultados del estudio de mec\u00e1nica hidr\u00e1ulica y estructural.<br><\/p>\n","protected":false},"excerpt":{"rendered":"<p>Protecci\u00f3n civil de Tequisquiapan inform\u00f3 que la Presa Centenario se encuentra al 117% de su capacidad, debido a que registra un escurrimiento de 15 m3\/s&nbsp;del r\u00edo San Juan con un &hellip; <a href=\"https:\/\/a3noticias.com.mx\/sandbox\/2021\/10\/07\/continua-el-recuento-de-los-danos-en-tequisquiapan-tras-inundaciones\/\" class=\"more-link\">Leer m\u00e1s<\/a><\/p>\n","protected":false},"author":4,"featured_media":16005,"comment_status":"open","ping_status":"open","sticky":false,"template":"","format":"standard","meta":{"_monsterinsights_skip_tracking":false,"_monsterinsights_sitenote_active":false,"_monsterinsights_sitenote_note":"","_monsterinsights_sitenote_category":0,"footnotes":""},"categories":[2],"tags":[],"class_list":["post-16004","post","type-post","status-publish","format-standard","has-post-thumbnail","hentry","category-qro","entry"],"aioseo_notices":[],"_links":{"self":[{"href":"https:\/\/a3noticias.com.mx\/sandbox\/wp-json\/wp\/v2\/posts\/16004","targetHints":{"allow":["GET"]}}],"collection":[{"href":"https:\/\/a3noticias.com.mx\/sandbox\/wp-json\/wp\/v2\/posts"}],"about":[{"href":"https:\/\/a3noticias.com.mx\/sandbox\/wp-json\/wp\/v2\/types\/post"}],"author":[{"embeddable":true,"href":"https:\/\/a3noticias.com.mx\/sandbox\/wp-json\/wp\/v2\/users\/4"}],"replies":[{"embeddable":true,"href":"https:\/\/a3noticias.com.mx\/sandbox\/wp-json\/wp\/v2\/comments?post=16004"}],"version-history":[{"count":1,"href":"https:\/\/a3noticias.com.mx\/sandbox\/wp-json\/wp\/v2\/posts\/16004\/revisions"}],"predecessor-version":[{"id":16006,"href":"https:\/\/a3noticias.com.mx\/sandbox\/wp-json\/wp\/v2\/posts\/16004\/revisions\/16006"}],"wp:featuredmedia":[{"embeddable":true,"href":"https:\/\/a3noticias.com.mx\/sandbox\/wp-json\/wp\/v2\/media\/16005"}],"wp:attachment":[{"href":"https:\/\/a3noticias.com.mx\/sandbox\/wp-json\/wp\/v2\/media?parent=16004"}],"wp:term":[{"taxonomy":"category","embeddable":true,"href":"https:\/\/a3noticias.com.mx\/sandbox\/wp-json\/wp\/v2\/categories?post=16004"},{"taxonomy":"post_tag","embeddable":true,"href":"https:\/\/a3noticias.com.mx\/sandbox\/wp-json\/wp\/v2\/tags?post=16004"}],"curies":[{"name":"wp","href":"https:\/\/api.w.org\/{rel}","templated":true}]}}