{"id":16027,"date":"2021-10-08T09:45:59","date_gmt":"2021-10-08T14:45:59","guid":{"rendered":"https:\/\/a3noticias.com.mx\/sandbox\/?p=16027"},"modified":"2021-10-08T09:46:01","modified_gmt":"2021-10-08T14:46:01","slug":"buscan-vacunar-contra-covid-19-a-menores-en-queretaro-al-menos-20-ya-han-sido-inmunizados","status":"publish","type":"post","link":"https:\/\/a3noticias.com.mx\/sandbox\/2021\/10\/08\/buscan-vacunar-contra-covid-19-a-menores-en-queretaro-al-menos-20-ya-han-sido-inmunizados\/","title":{"rendered":"Buscan vacunar contra Covid-19 a menores en Quer\u00e9taro; al menos 20 ya han sido inmunizados"},"content":{"rendered":"\n<p>La Diputada local por el Partido Acci\u00f3n Nacional (PAN), Ana Paola L\u00f3pez Birlain,\u00a0mencion\u00f3 que, de manera extraoficial, se ha vacunado contra el Covid-19 a al menos veinte ni\u00f1os con alguna comorbilidad, en el estado de Quer\u00e9taro.<\/p>\n\n\n\n<p>De acuerdo con la legisladora, se buscar\u00e1 inmunizar a m\u00e1s menores de edad en la entidad, por lo que, apoyar\u00e1 a padres de familia con menores de entre 12 a 17 a\u00f1os, con asesor\u00eda legal gratuita, a fin de que los padres interpongan amparos para que sus hijos puedan ser vacunados.<\/p>\n\n\n\n<blockquote class=\"wp-block-quote is-layout-flow wp-block-quote-is-layout-flow\"><p>\u201cEsto no puede ser un derecho de unos cuantos, esto tiene que ser un derecho para todas y todos nuestros ni\u00f1os. En esta Administraci\u00f3n federal no se contempl\u00f3 la vacuna para los menores debido a que dec\u00edan que no era una poblaci\u00f3n en riesgo\u201d, expres\u00f3 L\u00f3pez Birlain.<\/p><\/blockquote>\n\n\n\n<p>La Diputada dijo que hasta el momento se apoy\u00f3 con la integraci\u00f3n de amparos a seis casos de menores en situaci\u00f3n de riesgo, a los cuales, ya se les brind\u00f3 la autorizaci\u00f3n para ser inmunizados.<\/p>\n\n\n\n<p>Asimismo, incit\u00f3 a los padres de familia que deseen vacunar a sus hijos contra el Covid-19 a contactarla para unificar esfuerzos y presentar amparos colectivos.<\/p>\n\n\n\n<blockquote class=\"wp-block-quote is-layout-flow wp-block-quote-is-layout-flow\"><p>\u201cLo que estamos aqu\u00ed queriendo es la posibilidad de informar, asesorar y acompa\u00f1ar a los padres de familia que tienen hijos con alguna comorbilidad o que son de este rango de edad, de 12 a\u00f1os en adelante, para que puedan garantizar su derecho a la salud.\u201d, destac\u00f3.<\/p><\/blockquote>\n\n\n\n<p>L\u00f3pez Berlain indic\u00f3 que los padres de familia que deseen contactarla para ser asesorados legalmente de manera gratuita, deber\u00e1n comunicarse al n\u00famero <strong>442 476 5736.<\/strong><\/p>\n","protected":false},"excerpt":{"rendered":"<p>La Diputada local por el Partido Acci\u00f3n Nacional (PAN), Ana Paola L\u00f3pez Birlain,\u00a0mencion\u00f3 que, de manera extraoficial, se ha vacunado contra el Covid-19 a al menos veinte ni\u00f1os con alguna &hellip; <a href=\"https:\/\/a3noticias.com.mx\/sandbox\/2021\/10\/08\/buscan-vacunar-contra-covid-19-a-menores-en-queretaro-al-menos-20-ya-han-sido-inmunizados\/\" class=\"more-link\">Leer m\u00e1s<\/a><\/p>\n","protected":false},"author":4,"featured_media":16028,"comment_status":"open","ping_status":"open","sticky":false,"template":"","format":"standard","meta":{"_monsterinsights_skip_tracking":false,"_monsterinsights_sitenote_active":false,"_monsterinsights_sitenote_note":"","_monsterinsights_sitenote_category":0,"footnotes":""},"categories":[2],"tags":[],"class_list":["post-16027","post","type-post","status-publish","format-standard","has-post-thumbnail","hentry","category-qro","entry"],"aioseo_notices":[],"_links":{"self":[{"href":"https:\/\/a3noticias.com.mx\/sandbox\/wp-json\/wp\/v2\/posts\/16027","targetHints":{"allow":["GET"]}}],"collection":[{"href":"https:\/\/a3noticias.com.mx\/sandbox\/wp-json\/wp\/v2\/posts"}],"about":[{"href":"https:\/\/a3noticias.com.mx\/sandbox\/wp-json\/wp\/v2\/types\/post"}],"author":[{"embeddable":true,"href":"https:\/\/a3noticias.com.mx\/sandbox\/wp-json\/wp\/v2\/users\/4"}],"replies":[{"embeddable":true,"href":"https:\/\/a3noticias.com.mx\/sandbox\/wp-json\/wp\/v2\/comments?post=16027"}],"version-history":[{"count":1,"href":"https:\/\/a3noticias.com.mx\/sandbox\/wp-json\/wp\/v2\/posts\/16027\/revisions"}],"predecessor-version":[{"id":16029,"href":"https:\/\/a3noticias.com.mx\/sandbox\/wp-json\/wp\/v2\/posts\/16027\/revisions\/16029"}],"wp:featuredmedia":[{"embeddable":true,"href":"https:\/\/a3noticias.com.mx\/sandbox\/wp-json\/wp\/v2\/media\/16028"}],"wp:attachment":[{"href":"https:\/\/a3noticias.com.mx\/sandbox\/wp-json\/wp\/v2\/media?parent=16027"}],"wp:term":[{"taxonomy":"category","embeddable":true,"href":"https:\/\/a3noticias.com.mx\/sandbox\/wp-json\/wp\/v2\/categories?post=16027"},{"taxonomy":"post_tag","embeddable":true,"href":"https:\/\/a3noticias.com.mx\/sandbox\/wp-json\/wp\/v2\/tags?post=16027"}],"curies":[{"name":"wp","href":"https:\/\/api.w.org\/{rel}","templated":true}]}}