{"id":16030,"date":"2021-10-08T10:49:34","date_gmt":"2021-10-08T15:49:34","guid":{"rendered":"https:\/\/a3noticias.com.mx\/sandbox\/?p=16030"},"modified":"2021-10-08T10:49:36","modified_gmt":"2021-10-08T15:49:36","slug":"kuri-emite-declaratoria-de-emergencia-a-tequisquiapan-y-san-juan-del-rio-por-lluvias","status":"publish","type":"post","link":"https:\/\/a3noticias.com.mx\/sandbox\/2021\/10\/08\/kuri-emite-declaratoria-de-emergencia-a-tequisquiapan-y-san-juan-del-rio-por-lluvias\/","title":{"rendered":"Kuri emite declaratoria de emergencia a Tequisquiapan y San Juan del R\u00edo por lluvias"},"content":{"rendered":"\n<p>Mauricio Kuri Gonz\u00e1lez, gobernador del estado de Quer\u00e9taro, emiti\u00f3 la Declaratoria de Emergencia para los municipios de San Juan del R\u00edo y Tequisquiapan, debido a las fuertes lluvias que se han presentado desde el pasado 19 de septiembre en la entidad causando severas inundaciones en estos municipios.<\/p>\n\n\n\n<p>Lo anterior implica que, mientras la Declaratoria se encuentre vigente, las autoridades implementar\u00e1n medidas en estricto apego a los derechos humanos y a la seguridad jur\u00eddica de la ciudadan\u00eda, por lo que, si es necesario, se proceder\u00e1 con la evacuaci\u00f3n total de los habitantes que se encuentren en zonas en riesgo, asimismo, podr\u00e1n suspenderse actividades acad\u00e9micas, laborales y servicios en las \u00e1reas afectadas, con excepci\u00f3n de aquellas que resulten indispensables para salvaguardar a la poblaci\u00f3n y sus pertenencias.<\/p>\n\n\n\n<p>Otras de las medidas que podr\u00edan implementarse, son el cierre total, parcial o definitivo, de establecimientos, construcciones, instalaciones u obras que pongan en riesgo la integridad de los habitantes de la zona.<\/p>\n\n\n\n<p>De igual manera, en caso de requerirse, se habilitar\u00e1n escuelas, inmuebles y espacios p\u00fablicos como refugios temporales para lo damnificados, as\u00ed como, centros de acopios de v\u00edveres, medicamentos y enseres que proporcione el Poder Ejecutivo.&nbsp;&nbsp;&nbsp;&nbsp;&nbsp;&nbsp;<\/p>\n\n\n\n<p>El gobierno del estado, incit\u00f3 a la poblaci\u00f3n a mantenerse informados por medio de las fuentes oficiales y hacer caso a las medidas precautorias que informen las autoridades, as\u00ed como a evitar la divulgaci\u00f3n de rumores o hacer caso a informaci\u00f3n proveniente de fuentes no confiables. &nbsp;<\/p>\n\n\n\n<p>Tambi\u00e9n se exhorta a la ciudadan\u00eda en zonas de alto riesgo a racionalizar el uso de agua agua potable en sus casas y negocios.<\/p>\n\n\n\n<p>La Declaratoria emitida por el gobernador Mauricio Kuri, entrar\u00e1 en vigor el d\u00eda en que \u00e9sta sea publicada a trav\u00e9s del peri\u00f3dico oficial del gobierno del estado \u00abLa Sombra de Arteaga\u00bb, y forma parte de las acciones que efect\u00faa la actual administraci\u00f3n estatal\u00a0 en coordinaci\u00f3n con los diversos niveles de gobierno y el Ejercito Mexicano, para proteger la seguridad, integridad y salud de la ciudadan\u00eda queretana.<\/p>\n\n\n\n<div class=\"wp-block-image\"><figure class=\"aligncenter size-large is-resized\"><img loading=\"lazy\" decoding=\"async\" src=\"https:\/\/a3noticias.com.mx\/sandbox\/wp-content\/uploads\/2021\/10\/c0d285f3-6afe-454f-9900-0cc15864000f-1-135x90.jpeg\" alt=\"\" class=\"wp-image-16034\" width=\"620\" height=\"413\" srcset=\"https:\/\/a3noticias.com.mx\/sandbox\/wp-content\/uploads\/2021\/10\/c0d285f3-6afe-454f-9900-0cc15864000f-1-135x90.jpeg 135w, https:\/\/a3noticias.com.mx\/sandbox\/wp-content\/uploads\/2021\/10\/c0d285f3-6afe-454f-9900-0cc15864000f-1-300x200.jpeg 300w, https:\/\/a3noticias.com.mx\/sandbox\/wp-content\/uploads\/2021\/10\/c0d285f3-6afe-454f-9900-0cc15864000f-1-768x512.jpeg 768w, https:\/\/a3noticias.com.mx\/sandbox\/wp-content\/uploads\/2021\/10\/c0d285f3-6afe-454f-9900-0cc15864000f-1-1536x1023.jpeg 1536w, https:\/\/a3noticias.com.mx\/sandbox\/wp-content\/uploads\/2021\/10\/c0d285f3-6afe-454f-9900-0cc15864000f-1.jpeg 1600w\" sizes=\"auto, (max-width: 620px) 100vw, 620px\" \/><\/figure><\/div>\n","protected":false},"excerpt":{"rendered":"<p>Mauricio Kuri Gonz\u00e1lez, gobernador del estado de Quer\u00e9taro, emiti\u00f3 la Declaratoria de Emergencia para los municipios de San Juan del R\u00edo y Tequisquiapan, debido a las fuertes lluvias que se &hellip; <a href=\"https:\/\/a3noticias.com.mx\/sandbox\/2021\/10\/08\/kuri-emite-declaratoria-de-emergencia-a-tequisquiapan-y-san-juan-del-rio-por-lluvias\/\" class=\"more-link\">Leer m\u00e1s<\/a><\/p>\n","protected":false},"author":4,"featured_media":16032,"comment_status":"open","ping_status":"open","sticky":false,"template":"","format":"standard","meta":{"_monsterinsights_skip_tracking":false,"_monsterinsights_sitenote_active":false,"_monsterinsights_sitenote_note":"","_monsterinsights_sitenote_category":0,"footnotes":""},"categories":[2],"tags":[],"class_list":["post-16030","post","type-post","status-publish","format-standard","has-post-thumbnail","hentry","category-qro","entry"],"aioseo_notices":[],"_links":{"self":[{"href":"https:\/\/a3noticias.com.mx\/sandbox\/wp-json\/wp\/v2\/posts\/16030","targetHints":{"allow":["GET"]}}],"collection":[{"href":"https:\/\/a3noticias.com.mx\/sandbox\/wp-json\/wp\/v2\/posts"}],"about":[{"href":"https:\/\/a3noticias.com.mx\/sandbox\/wp-json\/wp\/v2\/types\/post"}],"author":[{"embeddable":true,"href":"https:\/\/a3noticias.com.mx\/sandbox\/wp-json\/wp\/v2\/users\/4"}],"replies":[{"embeddable":true,"href":"https:\/\/a3noticias.com.mx\/sandbox\/wp-json\/wp\/v2\/comments?post=16030"}],"version-history":[{"count":1,"href":"https:\/\/a3noticias.com.mx\/sandbox\/wp-json\/wp\/v2\/posts\/16030\/revisions"}],"predecessor-version":[{"id":16035,"href":"https:\/\/a3noticias.com.mx\/sandbox\/wp-json\/wp\/v2\/posts\/16030\/revisions\/16035"}],"wp:featuredmedia":[{"embeddable":true,"href":"https:\/\/a3noticias.com.mx\/sandbox\/wp-json\/wp\/v2\/media\/16032"}],"wp:attachment":[{"href":"https:\/\/a3noticias.com.mx\/sandbox\/wp-json\/wp\/v2\/media?parent=16030"}],"wp:term":[{"taxonomy":"category","embeddable":true,"href":"https:\/\/a3noticias.com.mx\/sandbox\/wp-json\/wp\/v2\/categories?post=16030"},{"taxonomy":"post_tag","embeddable":true,"href":"https:\/\/a3noticias.com.mx\/sandbox\/wp-json\/wp\/v2\/tags?post=16030"}],"curies":[{"name":"wp","href":"https:\/\/api.w.org\/{rel}","templated":true}]}}