{"id":16036,"date":"2021-10-08T12:32:23","date_gmt":"2021-10-08T17:32:23","guid":{"rendered":"https:\/\/a3noticias.com.mx\/sandbox\/?p=16036"},"modified":"2021-10-08T12:32:25","modified_gmt":"2021-10-08T17:32:25","slug":"vacuna-de-la-uaq-podria-aplicarse-a-ninos","status":"publish","type":"post","link":"https:\/\/a3noticias.com.mx\/sandbox\/2021\/10\/08\/vacuna-de-la-uaq-podria-aplicarse-a-ninos\/","title":{"rendered":"Vacuna de la UAQ podr\u00eda aplicarse a ni\u00f1os"},"content":{"rendered":"\n<p>La rectora de la Universidad Aut\u00f3noma de Quer\u00e9taro, Teresa Garc\u00eda Gasca, inform\u00f3 que, como parte de los per\u00edodos de prueba de la vacuna que desarrolla la m\u00e1xima casa de estudios en Quer\u00e9taro, se encuentra la aplicaci\u00f3n en ni\u00f1os.<\/p>\n\n\n\n<blockquote class=\"wp-block-quote is-layout-flow wp-block-quote-is-layout-flow\"><p><br>\u00abHay vacunas que han estado haciendo trabajos para poderse aprobar en diferentes grupos etarios, en ni\u00f1os, y debemos, en M\u00e9xico, esperar a que esto est\u00e9 completamente formalizado, no porque los ni\u00f1os no corran el riesgo de contagiarse, sino porque sabemos c\u00f3mo es el desarrollo propio de la enfermedad, tambi\u00e9n sabemos que hay efectos secundarios, como en cualquier vacuna\u201d, coment\u00f3.<br><\/p><\/blockquote>\n\n\n\n<p>Respecto a los amparos que se han promovido a nivel nacional para que ni\u00f1os puedan acceder a la vacuna, la rectora consider\u00f3 que los padres de familia deber\u00edan esperar a comprobar la efectividad del biol\u00f3gico en este grupo poblacional, antes de exigirle al gobierno que se les incluya.<\/p>\n\n\n\n<blockquote class=\"wp-block-quote is-layout-flow wp-block-quote-is-layout-flow\"><p><br>\u201cLa vacuna va a llegar para todos pero es importante esperar los tiempos adecuados para que el organismo regulador nos permita utilizarla con la mayor seguridad posible\u201d, asegur\u00f3.<\/p><\/blockquote>\n","protected":false},"excerpt":{"rendered":"<p>La rectora de la Universidad Aut\u00f3noma de Quer\u00e9taro, Teresa Garc\u00eda Gasca, inform\u00f3 que, como parte de los per\u00edodos de prueba de la vacuna que desarrolla la m\u00e1xima casa de estudios &hellip; <a href=\"https:\/\/a3noticias.com.mx\/sandbox\/2021\/10\/08\/vacuna-de-la-uaq-podria-aplicarse-a-ninos\/\" class=\"more-link\">Leer m\u00e1s<\/a><\/p>\n","protected":false},"author":4,"featured_media":16038,"comment_status":"open","ping_status":"open","sticky":false,"template":"","format":"standard","meta":{"_monsterinsights_skip_tracking":false,"_monsterinsights_sitenote_active":false,"_monsterinsights_sitenote_note":"","_monsterinsights_sitenote_category":0,"footnotes":""},"categories":[2],"tags":[],"class_list":["post-16036","post","type-post","status-publish","format-standard","has-post-thumbnail","hentry","category-qro","entry"],"aioseo_notices":[],"_links":{"self":[{"href":"https:\/\/a3noticias.com.mx\/sandbox\/wp-json\/wp\/v2\/posts\/16036","targetHints":{"allow":["GET"]}}],"collection":[{"href":"https:\/\/a3noticias.com.mx\/sandbox\/wp-json\/wp\/v2\/posts"}],"about":[{"href":"https:\/\/a3noticias.com.mx\/sandbox\/wp-json\/wp\/v2\/types\/post"}],"author":[{"embeddable":true,"href":"https:\/\/a3noticias.com.mx\/sandbox\/wp-json\/wp\/v2\/users\/4"}],"replies":[{"embeddable":true,"href":"https:\/\/a3noticias.com.mx\/sandbox\/wp-json\/wp\/v2\/comments?post=16036"}],"version-history":[{"count":1,"href":"https:\/\/a3noticias.com.mx\/sandbox\/wp-json\/wp\/v2\/posts\/16036\/revisions"}],"predecessor-version":[{"id":16039,"href":"https:\/\/a3noticias.com.mx\/sandbox\/wp-json\/wp\/v2\/posts\/16036\/revisions\/16039"}],"wp:featuredmedia":[{"embeddable":true,"href":"https:\/\/a3noticias.com.mx\/sandbox\/wp-json\/wp\/v2\/media\/16038"}],"wp:attachment":[{"href":"https:\/\/a3noticias.com.mx\/sandbox\/wp-json\/wp\/v2\/media?parent=16036"}],"wp:term":[{"taxonomy":"category","embeddable":true,"href":"https:\/\/a3noticias.com.mx\/sandbox\/wp-json\/wp\/v2\/categories?post=16036"},{"taxonomy":"post_tag","embeddable":true,"href":"https:\/\/a3noticias.com.mx\/sandbox\/wp-json\/wp\/v2\/tags?post=16036"}],"curies":[{"name":"wp","href":"https:\/\/api.w.org\/{rel}","templated":true}]}}