{"id":16040,"date":"2021-10-08T12:57:07","date_gmt":"2021-10-08T17:57:07","guid":{"rendered":"https:\/\/a3noticias.com.mx\/sandbox\/?p=16040"},"modified":"2021-10-08T12:57:09","modified_gmt":"2021-10-08T17:57:09","slug":"ciclovias-pasos-peatonales-en-el-centro-historico-y-transporte-publico-son-los-retos-en-movilidad-que-enfrenta-la-nueva-administracion","status":"publish","type":"post","link":"https:\/\/a3noticias.com.mx\/sandbox\/2021\/10\/08\/ciclovias-pasos-peatonales-en-el-centro-historico-y-transporte-publico-son-los-retos-en-movilidad-que-enfrenta-la-nueva-administracion\/","title":{"rendered":"Ciclov\u00edas, pasos peatonales en el Centro Hist\u00f3rico y Transporte P\u00fablico, son los retos en movilidad que enfrenta la nueva administraci\u00f3n"},"content":{"rendered":"\n<p>Sergio Olvera Le\u00f3n, vocero del Observatorio Ciudadano de Movilidad (OCM), en Quer\u00e9taro, detall\u00f3 que los retos a nivel estatal y municipal, contin\u00faan siendo los mismos de hace tres a\u00f1os.<\/p>\n\n\n\n<p>Olvera Le\u00f3n resalt\u00f3 la importancia de continuar con el proyecto de las ciclov\u00edas en la ciudad, ya que, en 2019 se hab\u00eda convocado a especialistas en el tema y a la comunidad ciclista, sin embargo, en 2020 no se le dio mayor seguimiento.<\/p>\n\n\n\n<blockquote class=\"wp-block-quote is-layout-flow wp-block-quote-is-layout-flow\"><p>\u201cEn Quer\u00e9taro, aunque tuvimos reuniones con Municipio, con el Instituto Queretano del Transporte y no se implement\u00f3 nada de ello, antes de la pandemia, en 2019, ya se van a cumplir dos a\u00f1os, nos convocaron a la comunidad cilcista y al Observatorio de Movilidad para el mapeo de las ciclov\u00edas, cu\u00e1les se usaban, cu\u00e1les ser\u00eda posible quitar y cu\u00e1les reforzar\u201d, asever\u00f3.<\/p><\/blockquote>\n\n\n\n<p>En febrero de 2020 se anunci\u00f3 que 16 corredores para ciclistas ser\u00edan rehabilitados como resultado de las 37 mesas de trabajo que se llevaron a cabo para ese fin.<\/p>\n\n\n\n<p>En septiembre de 2021, la Secretar\u00eda de Movilidad abri\u00f3 de nueva cuenta la consulta p\u00fablica para ampliar la participaci\u00f3n de la ciudadan\u00eda esta vez en versi\u00f3n digital, concluyendo el pasado 30 de septiembre, el \u00faltimo d\u00eda antes del cambio de administraci\u00f3n.<\/p>\n\n\n\n<p>El vocero se\u00f1al\u00f3 que a pesar de la insistencia por parte de la comunidad ciclista y especialistas en el tema, quienes presentaron un proyecto con el trazo para dicha infraestructura, a\u00fan as\u00ed, no se llev\u00f3 a cabo.<\/p>\n\n\n\n<p>Por otro lado, Olvera Le\u00f3n indic\u00f3 la importancia de peatonalizar el centro hist\u00f3rico, ya que diversas circunstancias han causado su deterioro.<\/p>\n\n\n\n<blockquote class=\"wp-block-quote is-layout-flow wp-block-quote-is-layout-flow\"><p>\u201cEl deterioro es grande, y es algo que se ven\u00eda dando antes de las lluvias, ahora a empeorado sensiblemente y el 9 de diciembre se cumplen 25 a\u00f1os del nombramiento como Patrimonio Cultural de la Humanidad\u201d.<\/p><\/blockquote>\n\n\n\n<p>Como \u00faltimo punto se\u00f1al\u00f3 que el transporte p\u00fablico en el estado, es uno de los principales pendientes para la nueva administraci\u00f3n, ya que los usuarios deben esperar entre 40 minutos a una hora para tomar el transporte, por lo que, destac\u00f3 la importancia de reestructurar las rutas del transporte p\u00fablico en la entidad.<\/p>\n","protected":false},"excerpt":{"rendered":"<p>Sergio Olvera Le\u00f3n, vocero del Observatorio Ciudadano de Movilidad (OCM), en Quer\u00e9taro, detall\u00f3 que los retos a nivel estatal y municipal, contin\u00faan siendo los mismos de hace tres a\u00f1os. Olvera &hellip; <a href=\"https:\/\/a3noticias.com.mx\/sandbox\/2021\/10\/08\/ciclovias-pasos-peatonales-en-el-centro-historico-y-transporte-publico-son-los-retos-en-movilidad-que-enfrenta-la-nueva-administracion\/\" class=\"more-link\">Leer m\u00e1s<\/a><\/p>\n","protected":false},"author":4,"featured_media":16041,"comment_status":"open","ping_status":"open","sticky":false,"template":"","format":"standard","meta":{"_monsterinsights_skip_tracking":false,"_monsterinsights_sitenote_active":false,"_monsterinsights_sitenote_note":"","_monsterinsights_sitenote_category":0,"footnotes":""},"categories":[2],"tags":[],"class_list":["post-16040","post","type-post","status-publish","format-standard","has-post-thumbnail","hentry","category-qro","entry"],"aioseo_notices":[],"_links":{"self":[{"href":"https:\/\/a3noticias.com.mx\/sandbox\/wp-json\/wp\/v2\/posts\/16040","targetHints":{"allow":["GET"]}}],"collection":[{"href":"https:\/\/a3noticias.com.mx\/sandbox\/wp-json\/wp\/v2\/posts"}],"about":[{"href":"https:\/\/a3noticias.com.mx\/sandbox\/wp-json\/wp\/v2\/types\/post"}],"author":[{"embeddable":true,"href":"https:\/\/a3noticias.com.mx\/sandbox\/wp-json\/wp\/v2\/users\/4"}],"replies":[{"embeddable":true,"href":"https:\/\/a3noticias.com.mx\/sandbox\/wp-json\/wp\/v2\/comments?post=16040"}],"version-history":[{"count":1,"href":"https:\/\/a3noticias.com.mx\/sandbox\/wp-json\/wp\/v2\/posts\/16040\/revisions"}],"predecessor-version":[{"id":16042,"href":"https:\/\/a3noticias.com.mx\/sandbox\/wp-json\/wp\/v2\/posts\/16040\/revisions\/16042"}],"wp:featuredmedia":[{"embeddable":true,"href":"https:\/\/a3noticias.com.mx\/sandbox\/wp-json\/wp\/v2\/media\/16041"}],"wp:attachment":[{"href":"https:\/\/a3noticias.com.mx\/sandbox\/wp-json\/wp\/v2\/media?parent=16040"}],"wp:term":[{"taxonomy":"category","embeddable":true,"href":"https:\/\/a3noticias.com.mx\/sandbox\/wp-json\/wp\/v2\/categories?post=16040"},{"taxonomy":"post_tag","embeddable":true,"href":"https:\/\/a3noticias.com.mx\/sandbox\/wp-json\/wp\/v2\/tags?post=16040"}],"curies":[{"name":"wp","href":"https:\/\/api.w.org\/{rel}","templated":true}]}}