{"id":16046,"date":"2021-10-08T15:05:53","date_gmt":"2021-10-08T20:05:53","guid":{"rendered":"https:\/\/a3noticias.com.mx\/sandbox\/?p=16046"},"modified":"2021-10-08T15:05:54","modified_gmt":"2021-10-08T20:05:54","slug":"queretaro-pasara-al-escenario-a-de-la-pandemia","status":"publish","type":"post","link":"https:\/\/a3noticias.com.mx\/sandbox\/2021\/10\/08\/queretaro-pasara-al-escenario-a-de-la-pandemia\/","title":{"rendered":"Quer\u00e9taro pasar\u00e1 al escenario \u201cA\u201d de la pandemia"},"content":{"rendered":"\n<p>El gobernador del estado, Mauricio Kuri Gonz\u00e1lez, asegur\u00f3 que en el transcurso de hoy y ma\u00f1ana, anunciar\u00e1 el avance al escenario \u201cA\u201d de la pandemia por Covid-19 en la entidad, de acuerdo a las determinaciones del Comit\u00e9 T\u00e9cnico de Salud.<\/p>\n\n\n\n<blockquote class=\"wp-block-quote is-layout-flow wp-block-quote-is-layout-flow\"><p>\u201cEn las pr\u00f3ximas horas o quiz\u00e1 ma\u00f1ana estaremos anunciando una nueva fase para poder abrir un poco m\u00e1s. nos iremos al escenario A (\u2026) ayer habl\u00e9 con la secretaria de Salud, en este momento tenemos el 30 por ciento de camas ocupadas, es decir, tenemos una buena condici\u00f3n para atender m\u00e1s personas en caso de ser necesario\u201d, expres\u00f3 el gobernador.<\/p><\/blockquote>\n\n\n\n<p>&nbsp;De acuerdo con el gobernador, esta decisi\u00f3n se tom\u00f3 evaluando diversos aspectos, entre ellos, la disponibilidad de camas hospitalarias para esta enfermedad y el promedio de casos activos en el estado.<\/p>\n\n\n\n<p>Hasta el d\u00eda de hoy la secretar\u00eda de salud inform\u00f3 que Quer\u00e9taro cuenta con 236 casos de Covid-19 activos; 121 corresponden a mujeres y 115 son hombres.<\/p>\n\n\n\n<p>El regreso a este escenario sugiere una flexibilizaci\u00f3n en los horarios de aforo de los negocios restauranteros, comerciales, tur\u00edsticos, industriales, farmac\u00e9uticos y recreativos de la entidad, pero manteniendo la seguridad en materia de salud.<\/p>\n\n\n\n<p>El escenario \u201cA\u201d entrar\u00e1 en vigor a partir de su publicaci\u00f3n en el peri\u00f3dico oficial del gobierno del estado \u201cLa Sombra de Artega\u201d.<\/p>\n","protected":false},"excerpt":{"rendered":"<p>El gobernador del estado, Mauricio Kuri Gonz\u00e1lez, asegur\u00f3 que en el transcurso de hoy y ma\u00f1ana, anunciar\u00e1 el avance al escenario \u201cA\u201d de la pandemia por Covid-19 en la entidad, &hellip; <a href=\"https:\/\/a3noticias.com.mx\/sandbox\/2021\/10\/08\/queretaro-pasara-al-escenario-a-de-la-pandemia\/\" class=\"more-link\">Leer m\u00e1s<\/a><\/p>\n","protected":false},"author":4,"featured_media":16048,"comment_status":"open","ping_status":"open","sticky":false,"template":"","format":"standard","meta":{"_monsterinsights_skip_tracking":false,"_monsterinsights_sitenote_active":false,"_monsterinsights_sitenote_note":"","_monsterinsights_sitenote_category":0,"footnotes":""},"categories":[2],"tags":[],"class_list":["post-16046","post","type-post","status-publish","format-standard","has-post-thumbnail","hentry","category-qro","entry"],"aioseo_notices":[],"_links":{"self":[{"href":"https:\/\/a3noticias.com.mx\/sandbox\/wp-json\/wp\/v2\/posts\/16046","targetHints":{"allow":["GET"]}}],"collection":[{"href":"https:\/\/a3noticias.com.mx\/sandbox\/wp-json\/wp\/v2\/posts"}],"about":[{"href":"https:\/\/a3noticias.com.mx\/sandbox\/wp-json\/wp\/v2\/types\/post"}],"author":[{"embeddable":true,"href":"https:\/\/a3noticias.com.mx\/sandbox\/wp-json\/wp\/v2\/users\/4"}],"replies":[{"embeddable":true,"href":"https:\/\/a3noticias.com.mx\/sandbox\/wp-json\/wp\/v2\/comments?post=16046"}],"version-history":[{"count":1,"href":"https:\/\/a3noticias.com.mx\/sandbox\/wp-json\/wp\/v2\/posts\/16046\/revisions"}],"predecessor-version":[{"id":16049,"href":"https:\/\/a3noticias.com.mx\/sandbox\/wp-json\/wp\/v2\/posts\/16046\/revisions\/16049"}],"wp:featuredmedia":[{"embeddable":true,"href":"https:\/\/a3noticias.com.mx\/sandbox\/wp-json\/wp\/v2\/media\/16048"}],"wp:attachment":[{"href":"https:\/\/a3noticias.com.mx\/sandbox\/wp-json\/wp\/v2\/media?parent=16046"}],"wp:term":[{"taxonomy":"category","embeddable":true,"href":"https:\/\/a3noticias.com.mx\/sandbox\/wp-json\/wp\/v2\/categories?post=16046"},{"taxonomy":"post_tag","embeddable":true,"href":"https:\/\/a3noticias.com.mx\/sandbox\/wp-json\/wp\/v2\/tags?post=16046"}],"curies":[{"name":"wp","href":"https:\/\/api.w.org\/{rel}","templated":true}]}}