{"id":16067,"date":"2021-10-09T13:49:48","date_gmt":"2021-10-09T18:49:48","guid":{"rendered":"https:\/\/a3noticias.com.mx\/sandbox\/?p=16067"},"modified":"2021-10-09T13:49:51","modified_gmt":"2021-10-09T18:49:51","slug":"llama-kuri-a-aplicar-toda-la-fuerza-de-la-ley-contra-los-delincuentes","status":"publish","type":"post","link":"https:\/\/a3noticias.com.mx\/sandbox\/2021\/10\/09\/llama-kuri-a-aplicar-toda-la-fuerza-de-la-ley-contra-los-delincuentes\/","title":{"rendered":"Llama Kuri a aplicar toda la fuerza de la ley contra los delincuentes"},"content":{"rendered":"\n<p>Durante la primera reuni\u00f3n de trabajo de la Coordinaci\u00f3n Estatal de Seguridad, el gobernador del estado, Mauricio Kuri Gonz\u00e1lez, llam\u00f3 a los integrantes a aplicar toda la fuerza de la ley contra los delincuentes, y asegur\u00f3 que en caso de hacerlo, siempre tendr\u00e1n su respaldo.&nbsp;<\/p>\n\n\n\n<p>El mandatario estatal destac\u00f3 que las y los queretanos esperan mucho de las corporaciones de seguridad, y afirm\u00f3 que con el apoyo de su administraci\u00f3n dar\u00e1n los mejores resultados a la poblaci\u00f3n.<\/p>\n\n\n\n<blockquote class=\"wp-block-quote is-style-large is-layout-flow wp-block-quote-is-layout-flow\"><p>\u201cCreo que tenemos los mejores mandos, tenemos una muy buena estrategia, tenemos muy buena persecuci\u00f3n del delito y van a tener todo el apoyo por parte de la Secretar\u00eda de Gobierno y del gobernador del estado para que ustedes puedan hacer muy bien su chamba\u201d, destac\u00f3.<\/p><\/blockquote>\n\n\n\n<p>Indic\u00f3 que su labor como titular del Poder Ejecutivo es servirles con herramientas y apoyos que dignifiquen su trabajo diario, y en este marco apunt\u00f3 que la inversi\u00f3n en seguridad p\u00fablica en los pr\u00f3ximos meses ser\u00e1 hist\u00f3rica.<\/p>\n\n\n\n<blockquote class=\"wp-block-quote is-style-large is-layout-flow wp-block-quote-is-layout-flow\"><p>\u201cDe verdad les digo, cuenten con un servidor, s\u00e9 lo que est\u00e1n pasando, s\u00e9 lo que est\u00e1n sintiendo, pero quiero que se sientan totalmente respaldados por el gobernador\u201d, concluy\u00f3.<\/p><\/blockquote>\n\n\n\n<p>El <strong>secretario de Seguridad Ciudadana, Miguel \u00c1ngel Contreras \u00c1lvarez,<\/strong> indic\u00f3 que los presentes en la reuni\u00f3n han mostrado su voluntad para construir un equipo de trabajo en donde se generen las l\u00edneas de acci\u00f3n para la atenci\u00f3n y prevenci\u00f3n de delitos de una manera inteligente, eficiente y eficaz.<\/p>\n\n\n\n<p>A\u00f1adi\u00f3 que de manera peri\u00f3dica se llevar\u00e1n a cabo mesas de trabajo a efecto de identificar las conductas de riesgo que vulneren la seguridad y patrimonio de las y los queretanos, adem\u00e1s de cumplir con los objetivos de la administraci\u00f3n.&nbsp;<\/p>\n\n\n\n<p>En su oportunidad el <strong>asesor de pol\u00edticas p\u00fablicas en el estado, Juan Mart\u00edn Granados Torres,<\/strong> expuso que los resultados positivos son muestra de la Coordinaci\u00f3n que existe, por lo que los objetivos ser\u00e1n: mantener el dique frente a la delincuencia organizada, fortalecer el tema de la municipalidad para que haya mejores resultados en materia de control de la delincuencia local y generar canales que fortalezcan la participaci\u00f3n ciudadana.\u00a0<\/p>\n\n\n\n<p>Durante el evento se present\u00f3 a los titulares de las instituciones de seguridad y justicia en Quer\u00e9taro y se entregaron nombramientos al subsecretario de la Polic\u00eda Estatal, Luis Gabriel Salazar V\u00e1zquez; el comisionado del Sistema Penitenciario de Quer\u00e9taro, Gustavo L\u00f3pez Acosta; el secretario t\u00e9cnico del Consejo Estatal de Seguridad, Jos\u00e9 Armando Ontiveros Zaragoza; y la subsecretaria de Prevenci\u00f3n Social y Atenci\u00f3n a V\u00edctimas de la Secretar\u00eda de Seguridad Ciudadana, Sonia Ang\u00e9lica Col\u00edn Aboytes.<\/p>\n\n\n\n<p>En la reuni\u00f3n de trabajo estuvieron presentes el fiscal general del estado, Alejandro Echeverr\u00eda Cornejo; secretarios y directores municipales de los 18 municipios, as\u00ed como titulares del Sistema Penitenciario, Control de Confianza, CQ-CIAS y del Consejo Estatal de Seguridad.&nbsp;<\/p>\n","protected":false},"excerpt":{"rendered":"<p>Durante la primera reuni\u00f3n de trabajo de la Coordinaci\u00f3n Estatal de Seguridad, el gobernador del estado, Mauricio Kuri Gonz\u00e1lez, llam\u00f3 a los integrantes a aplicar toda la fuerza de la &hellip; <a href=\"https:\/\/a3noticias.com.mx\/sandbox\/2021\/10\/09\/llama-kuri-a-aplicar-toda-la-fuerza-de-la-ley-contra-los-delincuentes\/\" class=\"more-link\">Leer m\u00e1s<\/a><\/p>\n","protected":false},"author":4,"featured_media":16068,"comment_status":"open","ping_status":"open","sticky":false,"template":"","format":"standard","meta":{"_monsterinsights_skip_tracking":false,"_monsterinsights_sitenote_active":false,"_monsterinsights_sitenote_note":"","_monsterinsights_sitenote_category":0,"footnotes":""},"categories":[2],"tags":[],"class_list":["post-16067","post","type-post","status-publish","format-standard","has-post-thumbnail","hentry","category-qro","entry"],"aioseo_notices":[],"_links":{"self":[{"href":"https:\/\/a3noticias.com.mx\/sandbox\/wp-json\/wp\/v2\/posts\/16067","targetHints":{"allow":["GET"]}}],"collection":[{"href":"https:\/\/a3noticias.com.mx\/sandbox\/wp-json\/wp\/v2\/posts"}],"about":[{"href":"https:\/\/a3noticias.com.mx\/sandbox\/wp-json\/wp\/v2\/types\/post"}],"author":[{"embeddable":true,"href":"https:\/\/a3noticias.com.mx\/sandbox\/wp-json\/wp\/v2\/users\/4"}],"replies":[{"embeddable":true,"href":"https:\/\/a3noticias.com.mx\/sandbox\/wp-json\/wp\/v2\/comments?post=16067"}],"version-history":[{"count":1,"href":"https:\/\/a3noticias.com.mx\/sandbox\/wp-json\/wp\/v2\/posts\/16067\/revisions"}],"predecessor-version":[{"id":16069,"href":"https:\/\/a3noticias.com.mx\/sandbox\/wp-json\/wp\/v2\/posts\/16067\/revisions\/16069"}],"wp:featuredmedia":[{"embeddable":true,"href":"https:\/\/a3noticias.com.mx\/sandbox\/wp-json\/wp\/v2\/media\/16068"}],"wp:attachment":[{"href":"https:\/\/a3noticias.com.mx\/sandbox\/wp-json\/wp\/v2\/media?parent=16067"}],"wp:term":[{"taxonomy":"category","embeddable":true,"href":"https:\/\/a3noticias.com.mx\/sandbox\/wp-json\/wp\/v2\/categories?post=16067"},{"taxonomy":"post_tag","embeddable":true,"href":"https:\/\/a3noticias.com.mx\/sandbox\/wp-json\/wp\/v2\/tags?post=16067"}],"curies":[{"name":"wp","href":"https:\/\/api.w.org\/{rel}","templated":true}]}}