{"id":16090,"date":"2021-10-11T09:43:55","date_gmt":"2021-10-11T14:43:55","guid":{"rendered":"https:\/\/a3noticias.com.mx\/sandbox\/?p=16090"},"modified":"2021-10-11T09:43:57","modified_gmt":"2021-10-11T14:43:57","slug":"amlo-asegura-que-sin-reforma-electrica-empresas-se-apoderaran-de-todo-el-mercado","status":"publish","type":"post","link":"https:\/\/a3noticias.com.mx\/sandbox\/2021\/10\/11\/amlo-asegura-que-sin-reforma-electrica-empresas-se-apoderaran-de-todo-el-mercado\/","title":{"rendered":"AMLO asegura que sin reforma el\u00e9ctrica, empresas se apoderar\u00e1n de todo el mercado."},"content":{"rendered":"\n<p>El presidente Andr\u00e9s Manuel L\u00f3pez Obrador apunt\u00f3 que sin la reforma el\u00e9ctrica, las empresas se \u201capoderar\u00edan\u201d de todo el mercado, adem\u00e1s de que las tarifas por el servicio de luz estar\u00edan \u201cpor las nubes\u201d. De acuerdo con el jefe del Ejecutivo Federal, algunos no quieren que la reforma energ\u00e9tica sea aplicada pues \u201cles beneficia el marco legal actual\u201d<\/p>\n\n\n\n<blockquote class=\"wp-block-quote is-layout-flow wp-block-quote-is-layout-flow\"><p>\u201cLos m\u00e1s de 40 millones de usuarios tienen que pagar m\u00e1s que los que tienen grandes corporaciones, centros comerciales, los que utilizan la luz con prop\u00f3sitos comerciales y el que tiene uno o dos focos, tiene que pagar proporcionalmente m\u00e1s que los machuchones\u201d.<\/p><\/blockquote>\n\n\n\n<p>Conforme al mandatario federal, es un tema igual al pago de impuestos, pues \u00ablos de m\u00e1s arriba no pagaban impuestos y en el caso de la reforma el\u00e9ctrica es parecido, las grandes corporaciones pagan muy poquito por la luz\u00bb.&nbsp;&nbsp;<\/p>\n\n\n\n<p>La titular de la Secretar\u00eda de Energ\u00eda (Sener), Roc\u00edo Nahle, reiter\u00f3 que con la reforma el\u00e9ctrica las empresas privadas todav\u00eda tendr\u00e1n para operar el 46 por ciento del mercado, por lo que rechaz\u00f3 que se expropie la industria, pues \u201cno se les va a nacionalizar nada, ni un tornillo, ni una tuerca\u201d.&nbsp;<\/p>\n\n\n\n<blockquote class=\"wp-block-quote is-layout-flow wp-block-quote-is-layout-flow\"><p>\u201cLa CFE mantiene la misi\u00f3n de servicio social y con ello las tarifas de la luz se podr\u00e1n mantener a un precio por debajo de la inflaci\u00f3n. Asimismo entre el 54 y el 46 por ciento van a coexistir para poder suministrar el 100 por ciento. Los privados van a estar en el mercado en el 46 por ciento y no se les va a nacionalizar nada\u201d.<\/p><\/blockquote>\n","protected":false},"excerpt":{"rendered":"<p>El presidente Andr\u00e9s Manuel L\u00f3pez Obrador apunt\u00f3 que sin la reforma el\u00e9ctrica, las empresas se \u201capoderar\u00edan\u201d de todo el mercado, adem\u00e1s de que las tarifas por el servicio de luz &hellip; <a href=\"https:\/\/a3noticias.com.mx\/sandbox\/2021\/10\/11\/amlo-asegura-que-sin-reforma-electrica-empresas-se-apoderaran-de-todo-el-mercado\/\" class=\"more-link\">Leer m\u00e1s<\/a><\/p>\n","protected":false},"author":2,"featured_media":16091,"comment_status":"open","ping_status":"open","sticky":false,"template":"","format":"standard","meta":{"_monsterinsights_skip_tracking":false,"_monsterinsights_sitenote_active":false,"_monsterinsights_sitenote_note":"","_monsterinsights_sitenote_category":0,"footnotes":""},"categories":[3],"tags":[],"class_list":["post-16090","post","type-post","status-publish","format-standard","has-post-thumbnail","hentry","category-nal","entry"],"aioseo_notices":[],"_links":{"self":[{"href":"https:\/\/a3noticias.com.mx\/sandbox\/wp-json\/wp\/v2\/posts\/16090","targetHints":{"allow":["GET"]}}],"collection":[{"href":"https:\/\/a3noticias.com.mx\/sandbox\/wp-json\/wp\/v2\/posts"}],"about":[{"href":"https:\/\/a3noticias.com.mx\/sandbox\/wp-json\/wp\/v2\/types\/post"}],"author":[{"embeddable":true,"href":"https:\/\/a3noticias.com.mx\/sandbox\/wp-json\/wp\/v2\/users\/2"}],"replies":[{"embeddable":true,"href":"https:\/\/a3noticias.com.mx\/sandbox\/wp-json\/wp\/v2\/comments?post=16090"}],"version-history":[{"count":1,"href":"https:\/\/a3noticias.com.mx\/sandbox\/wp-json\/wp\/v2\/posts\/16090\/revisions"}],"predecessor-version":[{"id":16092,"href":"https:\/\/a3noticias.com.mx\/sandbox\/wp-json\/wp\/v2\/posts\/16090\/revisions\/16092"}],"wp:featuredmedia":[{"embeddable":true,"href":"https:\/\/a3noticias.com.mx\/sandbox\/wp-json\/wp\/v2\/media\/16091"}],"wp:attachment":[{"href":"https:\/\/a3noticias.com.mx\/sandbox\/wp-json\/wp\/v2\/media?parent=16090"}],"wp:term":[{"taxonomy":"category","embeddable":true,"href":"https:\/\/a3noticias.com.mx\/sandbox\/wp-json\/wp\/v2\/categories?post=16090"},{"taxonomy":"post_tag","embeddable":true,"href":"https:\/\/a3noticias.com.mx\/sandbox\/wp-json\/wp\/v2\/tags?post=16090"}],"curies":[{"name":"wp","href":"https:\/\/api.w.org\/{rel}","templated":true}]}}