{"id":16093,"date":"2021-10-11T10:09:49","date_gmt":"2021-10-11T15:09:49","guid":{"rendered":"https:\/\/a3noticias.com.mx\/sandbox\/?p=16093"},"modified":"2021-10-11T10:09:51","modified_gmt":"2021-10-11T15:09:51","slug":"gaseros-anuncian-paro-nacional-indefinido-desde-este-lunes","status":"publish","type":"post","link":"https:\/\/a3noticias.com.mx\/sandbox\/2021\/10\/11\/gaseros-anuncian-paro-nacional-indefinido-desde-este-lunes\/","title":{"rendered":"Gaseros anuncian paro nacional indefinido desde este lunes"},"content":{"rendered":"\n<p>En un acto de demanda de cumplimiento de compromisos adquiridos por el gobierno federal, gaseros de la Ciudad de M\u00e9xico, Zona Metropolitana del Valle de M\u00e9xico y algunos estados de la Rep\u00fablica, anunciaron que a partir de este lunes realizar\u00e1n un paro de labores \u201cindefinido\u201d.<\/p>\n\n\n\n<p>De acuerdo con una entrevista realizada por el peri\u00f3dico <em>Milenio <\/em>al representante del gremio gasero nacional, Enrique Medrano, este mencion\u00f3 que el motivo de este paro nacional, es debido al incumplimiento en lo pactado por parte del gobierno federal, por lo que, buscan se les brinde una soluci\u00f3n.<\/p>\n\n\n\n<blockquote class=\"wp-block-quote is-layout-flow wp-block-quote-is-layout-flow\"><p>\u201cest\u00e1bamos reuni\u00e9ndonos cada lunes a las dos de la tarde, el pasado lunes no hubo reuni\u00f3n, pero debido a la situaci\u00f3n tan apremiante de que ahorita nos dejaron pr\u00e1cticamente sin comisi\u00f3n, es por eso que tomamos la decisi\u00f3n de manifestarnos porque no estamos viendo una soluci\u00f3n, hemos sido tolerantes, pac\u00edficos, c\u00edvicos, civilizados\u201d se\u00f1al\u00f3.<\/p><\/blockquote>\n\n\n\n<p>Apenas el pasado mes de agosto, el gremio gasero nacional llev\u00f3 a cabo una suspensi\u00f3n de actividades luego de que el Presidente de la Rep\u00fablica Andr\u00e9s Manuel L\u00f3pez Obrador, &nbsp;anunciara la regulaci\u00f3n de precios m\u00e1ximos del combustible.<\/p>\n\n\n\n<p>De acuerdo con Enrique Medrano, al paro se unir\u00e1n gaseros de los estados de Oaxaca, Veracruz, Hidalgo y Puebla, y se espera que un total de alrededor de 10 mil personas entre conductores de pipas, empleados de estaciones de carburaci\u00f3n y gerentes, quienes lleven a cabo el paro nacional.<\/p>\n\n\n\n<blockquote class=\"wp-block-quote is-layout-flow wp-block-quote-is-layout-flow\"><p>\u201cEmpezaremos el paro a partir de las dos de la tarde, estaremos manifest\u00e1ndonos enfrente de la Secretar\u00eda de Energ\u00eda, exactamente a las dos de la tarde empezamos, convocamos a todos los comisionistas y por ah\u00ed se van a unir tambi\u00e9n algunas gaseras, propietarios de gaseras\u201d.<\/p><\/blockquote>\n\n\n\n<p>A las 13:00 horas de este lunes, los gaseros se dar\u00e1n cita para manifestarse en la Secretar\u00eda de Energ\u00eda (Sener), en la Ciudad de M\u00e9xico. El paro nacional est\u00e1 convocado a comenzar a partir de las dos de la tarde y hasta fecha indefinida.<\/p>\n","protected":false},"excerpt":{"rendered":"<p>En un acto de demanda de cumplimiento de compromisos adquiridos por el gobierno federal, gaseros de la Ciudad de M\u00e9xico, Zona Metropolitana del Valle de M\u00e9xico y algunos estados de &hellip; <a href=\"https:\/\/a3noticias.com.mx\/sandbox\/2021\/10\/11\/gaseros-anuncian-paro-nacional-indefinido-desde-este-lunes\/\" class=\"more-link\">Leer m\u00e1s<\/a><\/p>\n","protected":false},"author":4,"featured_media":16094,"comment_status":"open","ping_status":"open","sticky":false,"template":"","format":"standard","meta":{"_monsterinsights_skip_tracking":false,"_monsterinsights_sitenote_active":false,"_monsterinsights_sitenote_note":"","_monsterinsights_sitenote_category":0,"footnotes":""},"categories":[3],"tags":[],"class_list":["post-16093","post","type-post","status-publish","format-standard","has-post-thumbnail","hentry","category-nal","entry"],"aioseo_notices":[],"_links":{"self":[{"href":"https:\/\/a3noticias.com.mx\/sandbox\/wp-json\/wp\/v2\/posts\/16093","targetHints":{"allow":["GET"]}}],"collection":[{"href":"https:\/\/a3noticias.com.mx\/sandbox\/wp-json\/wp\/v2\/posts"}],"about":[{"href":"https:\/\/a3noticias.com.mx\/sandbox\/wp-json\/wp\/v2\/types\/post"}],"author":[{"embeddable":true,"href":"https:\/\/a3noticias.com.mx\/sandbox\/wp-json\/wp\/v2\/users\/4"}],"replies":[{"embeddable":true,"href":"https:\/\/a3noticias.com.mx\/sandbox\/wp-json\/wp\/v2\/comments?post=16093"}],"version-history":[{"count":1,"href":"https:\/\/a3noticias.com.mx\/sandbox\/wp-json\/wp\/v2\/posts\/16093\/revisions"}],"predecessor-version":[{"id":16095,"href":"https:\/\/a3noticias.com.mx\/sandbox\/wp-json\/wp\/v2\/posts\/16093\/revisions\/16095"}],"wp:featuredmedia":[{"embeddable":true,"href":"https:\/\/a3noticias.com.mx\/sandbox\/wp-json\/wp\/v2\/media\/16094"}],"wp:attachment":[{"href":"https:\/\/a3noticias.com.mx\/sandbox\/wp-json\/wp\/v2\/media?parent=16093"}],"wp:term":[{"taxonomy":"category","embeddable":true,"href":"https:\/\/a3noticias.com.mx\/sandbox\/wp-json\/wp\/v2\/categories?post=16093"},{"taxonomy":"post_tag","embeddable":true,"href":"https:\/\/a3noticias.com.mx\/sandbox\/wp-json\/wp\/v2\/tags?post=16093"}],"curies":[{"name":"wp","href":"https:\/\/api.w.org\/{rel}","templated":true}]}}