{"id":16833,"date":"2021-11-12T10:00:48","date_gmt":"2021-11-12T16:00:48","guid":{"rendered":"https:\/\/a3noticias.com.mx\/sandbox\/?p=16833"},"modified":"2021-11-12T10:00:50","modified_gmt":"2021-11-12T16:00:50","slug":"legislatura-de-queretaro-abogara-por-vacunacion-de-menores-contra-covid","status":"publish","type":"post","link":"https:\/\/a3noticias.com.mx\/sandbox\/2021\/11\/12\/legislatura-de-queretaro-abogara-por-vacunacion-de-menores-contra-covid\/","title":{"rendered":"Legislatura de Quer\u00e9taro abogar\u00e1 por vacunaci\u00f3n de menores contra Covid"},"content":{"rendered":"\n<p>Luego de que la Secretar\u00eda de Salud del Gobierno de M\u00e9xico, apelara la resoluci\u00f3n de la secretaria en funciones de jueza s\u00e9ptima de Distrito en el Estado de M\u00e9xico, Claudia G\u00e1mez Galindo, de&nbsp;incluir a los menores de entre 12 y 17 a\u00f1os con o sin comorbilidades en la Pol\u00edtica Nacional de Vacunaci\u00f3n contra el COVID-19, la diputada local por el PAN, Ana Paola L\u00f3pez Birlain, asever\u00f3 que se cambiar\u00e1 la estrategia para que en Quer\u00e9taro prosperen los amparos interpuestos ante el Poder Judicial de la Federaci\u00f3n.<\/p>\n\n\n\n<p>La Diputada asever\u00f3 que esta acci\u00f3n se ha convertido en una lucha de poder que afecta el derecho a la salud de las ni\u00f1as y ni\u00f1os de M\u00e9xico.<\/p>\n\n\n\n<blockquote class=\"wp-block-quote is-layout-flow wp-block-quote-is-layout-flow\"><p>\u201cEl presidente de la Rep\u00fablica se ha amparado para no darle el derecho a la vacunaci\u00f3n y salud a nuestros ni\u00f1as y ni\u00f1os,\u00a0eso que por supuesto que va a retrasar el proceso y va a poner nuevamente en segundo plano a nuestra ni\u00f1ez y adolescencia.\u00a0No quitaremos el dedo del rengl\u00f3n, es m\u00e1s, lo escalaremos; s\u00ed, esto se ha convertido en una lucha de poder del presidente contra los ni\u00f1os\u201d, apunt\u00f3.<\/p><\/blockquote>\n\n\n\n<p>Coment\u00f3 que hasta el momento, se han presentado 48 amparos en la entidad y que esperar\u00e1 ver su resoluci\u00f3n para determinar las estrategias que resulten favorables. Asimismo, expres\u00f3 con la impugnaci\u00f3n por parte del Gobierno Federal, este proceso se ver\u00e1 retrasado.<\/p>\n\n\n\n<blockquote class=\"wp-block-quote is-layout-flow wp-block-quote-is-layout-flow\"><p>\u201cEl abogado est\u00e1 preparando su estrategia justamente con esos casos iniciales que se resolvieron a favor (\u2026)\u00a0y que hoy, de la noche a la ma\u00f1ana, utilizan criterios distintos. De los 48 que present\u00e9, no he presentado m\u00e1s hasta\u00a0(\u2026) ver la evoluci\u00f3n de los casos y definir la estrategia que vamos a implementar\u201d, dijo.<\/p><\/blockquote>\n\n\n\n<p>Resalt\u00f3 que en la entidad, ya se han vacunado a 20 menores que interpusieron amparo con anterioridad y que se seguir\u00e1 trabajando para que m\u00e1s ni\u00f1os se vean beneficiados, pues es su derecho.<\/p>\n","protected":false},"excerpt":{"rendered":"<p>Luego de que la Secretar\u00eda de Salud del Gobierno de M\u00e9xico, apelara la resoluci\u00f3n de la secretaria en funciones de jueza s\u00e9ptima de Distrito en el Estado de M\u00e9xico, Claudia &hellip; <a href=\"https:\/\/a3noticias.com.mx\/sandbox\/2021\/11\/12\/legislatura-de-queretaro-abogara-por-vacunacion-de-menores-contra-covid\/\" class=\"more-link\">Leer m\u00e1s<\/a><\/p>\n","protected":false},"author":4,"featured_media":16834,"comment_status":"open","ping_status":"open","sticky":false,"template":"","format":"standard","meta":{"_monsterinsights_skip_tracking":false,"_monsterinsights_sitenote_active":false,"_monsterinsights_sitenote_note":"","_monsterinsights_sitenote_category":0,"footnotes":""},"categories":[2],"tags":[],"class_list":["post-16833","post","type-post","status-publish","format-standard","has-post-thumbnail","hentry","category-qro","entry"],"aioseo_notices":[],"_links":{"self":[{"href":"https:\/\/a3noticias.com.mx\/sandbox\/wp-json\/wp\/v2\/posts\/16833","targetHints":{"allow":["GET"]}}],"collection":[{"href":"https:\/\/a3noticias.com.mx\/sandbox\/wp-json\/wp\/v2\/posts"}],"about":[{"href":"https:\/\/a3noticias.com.mx\/sandbox\/wp-json\/wp\/v2\/types\/post"}],"author":[{"embeddable":true,"href":"https:\/\/a3noticias.com.mx\/sandbox\/wp-json\/wp\/v2\/users\/4"}],"replies":[{"embeddable":true,"href":"https:\/\/a3noticias.com.mx\/sandbox\/wp-json\/wp\/v2\/comments?post=16833"}],"version-history":[{"count":1,"href":"https:\/\/a3noticias.com.mx\/sandbox\/wp-json\/wp\/v2\/posts\/16833\/revisions"}],"predecessor-version":[{"id":16835,"href":"https:\/\/a3noticias.com.mx\/sandbox\/wp-json\/wp\/v2\/posts\/16833\/revisions\/16835"}],"wp:featuredmedia":[{"embeddable":true,"href":"https:\/\/a3noticias.com.mx\/sandbox\/wp-json\/wp\/v2\/media\/16834"}],"wp:attachment":[{"href":"https:\/\/a3noticias.com.mx\/sandbox\/wp-json\/wp\/v2\/media?parent=16833"}],"wp:term":[{"taxonomy":"category","embeddable":true,"href":"https:\/\/a3noticias.com.mx\/sandbox\/wp-json\/wp\/v2\/categories?post=16833"},{"taxonomy":"post_tag","embeddable":true,"href":"https:\/\/a3noticias.com.mx\/sandbox\/wp-json\/wp\/v2\/tags?post=16833"}],"curies":[{"name":"wp","href":"https:\/\/api.w.org\/{rel}","templated":true}]}}