{"id":16876,"date":"2021-11-13T12:41:01","date_gmt":"2021-11-13T18:41:01","guid":{"rendered":"https:\/\/a3noticias.com.mx\/sandbox\/?p=16876"},"modified":"2021-11-13T12:41:03","modified_gmt":"2021-11-13T18:41:03","slug":"santiago-nieto-podria-sumarse-al-gabinete-en-queretaro","status":"publish","type":"post","link":"https:\/\/a3noticias.com.mx\/sandbox\/2021\/11\/13\/santiago-nieto-podria-sumarse-al-gabinete-en-queretaro\/","title":{"rendered":"Santiago Nieto podr\u00eda sumarse al gabinete en Quer\u00e9taro"},"content":{"rendered":"\n<p>Luego de que en esta semana trascendi\u00f3 la renuncia del sanjuanese Santiago Nieto a la Unidad de Inteligencia Financiera (UIF), tras el esc\u00e1ndalo de su boda privada en Guatemala; el gobernador de Quer\u00e9taro, Mauricio Kuri Gonz\u00e1lez no descart\u00f3 poder invitarlo a participar en el gobierno estatal, pues reconoci\u00f3 que el exfuncionario de la 4T cuenta con capacidades para sumar a favor de Quer\u00e9taro.<\/p>\n\n\n\n<p>El mandatario estatal dijo que reconoce las capacidades de Santiago Nieto, adem\u00e1s de recordar que es una persona a la que le tiene aprecio, pues incluso, cabe recordar, Kuri Gonz\u00e1lez fue uno de los invitados a la boda del exfuncionario federal.&nbsp;<\/p>\n\n\n\n<p>A la pregunta\u00a0<strong>\u00ab\u00bfusted lo podr\u00eda invitar a algunos proyectos por ac\u00e1\u00bb<\/strong>, el mandatario estatal respondi\u00f3:\u00a0<strong>\u00abPor supuesto que s\u00ed, es alguien que yo estimo y le reconozco toda su capacidad\u00bb.\u00a0<\/strong>\u00a0<\/p>\n\n\n\n<p>Sobre la renuncia del sanjuanense a la UIF, el gobernador afirm\u00f3 que&nbsp;M\u00e9xico pierde y Quer\u00e9taro&nbsp;tambi\u00e9n:<\/p>\n\n\n\n<blockquote class=\"wp-block-quote is-style-large is-layout-flow wp-block-quote-is-layout-flow\"><p>\u00abM\u00e9xico ten\u00eda un gran personaje en la Unidad de Inteligencia Financiera (UIF), creo que M\u00e9xico lo va a necesitar y espero que le vaya muy bien a Santiago.\u00a0Pierde M\u00e9xico, pierde Quer\u00e9taro con su salida\u00bb, agreg\u00f3.<\/p><\/blockquote>\n","protected":false},"excerpt":{"rendered":"<p>Luego de que en esta semana trascendi\u00f3 la renuncia del sanjuanese Santiago Nieto a la Unidad de Inteligencia Financiera (UIF), tras el esc\u00e1ndalo de su boda privada en Guatemala; el &hellip; <a href=\"https:\/\/a3noticias.com.mx\/sandbox\/2021\/11\/13\/santiago-nieto-podria-sumarse-al-gabinete-en-queretaro\/\" class=\"more-link\">Leer m\u00e1s<\/a><\/p>\n","protected":false},"author":4,"featured_media":16877,"comment_status":"open","ping_status":"open","sticky":false,"template":"","format":"standard","meta":{"_monsterinsights_skip_tracking":false,"_monsterinsights_sitenote_active":false,"_monsterinsights_sitenote_note":"","_monsterinsights_sitenote_category":0,"footnotes":""},"categories":[2],"tags":[],"class_list":["post-16876","post","type-post","status-publish","format-standard","has-post-thumbnail","hentry","category-qro","entry"],"aioseo_notices":[],"_links":{"self":[{"href":"https:\/\/a3noticias.com.mx\/sandbox\/wp-json\/wp\/v2\/posts\/16876","targetHints":{"allow":["GET"]}}],"collection":[{"href":"https:\/\/a3noticias.com.mx\/sandbox\/wp-json\/wp\/v2\/posts"}],"about":[{"href":"https:\/\/a3noticias.com.mx\/sandbox\/wp-json\/wp\/v2\/types\/post"}],"author":[{"embeddable":true,"href":"https:\/\/a3noticias.com.mx\/sandbox\/wp-json\/wp\/v2\/users\/4"}],"replies":[{"embeddable":true,"href":"https:\/\/a3noticias.com.mx\/sandbox\/wp-json\/wp\/v2\/comments?post=16876"}],"version-history":[{"count":1,"href":"https:\/\/a3noticias.com.mx\/sandbox\/wp-json\/wp\/v2\/posts\/16876\/revisions"}],"predecessor-version":[{"id":16878,"href":"https:\/\/a3noticias.com.mx\/sandbox\/wp-json\/wp\/v2\/posts\/16876\/revisions\/16878"}],"wp:featuredmedia":[{"embeddable":true,"href":"https:\/\/a3noticias.com.mx\/sandbox\/wp-json\/wp\/v2\/media\/16877"}],"wp:attachment":[{"href":"https:\/\/a3noticias.com.mx\/sandbox\/wp-json\/wp\/v2\/media?parent=16876"}],"wp:term":[{"taxonomy":"category","embeddable":true,"href":"https:\/\/a3noticias.com.mx\/sandbox\/wp-json\/wp\/v2\/categories?post=16876"},{"taxonomy":"post_tag","embeddable":true,"href":"https:\/\/a3noticias.com.mx\/sandbox\/wp-json\/wp\/v2\/tags?post=16876"}],"curies":[{"name":"wp","href":"https:\/\/api.w.org\/{rel}","templated":true}]}}