{"id":16879,"date":"2021-11-14T10:21:49","date_gmt":"2021-11-14T16:21:49","guid":{"rendered":"https:\/\/a3noticias.com.mx\/sandbox\/?p=16879"},"modified":"2021-11-14T10:21:51","modified_gmt":"2021-11-14T16:21:51","slug":"presenta-secult-libro-infantil-sobre-las-emociones","status":"publish","type":"post","link":"https:\/\/a3noticias.com.mx\/sandbox\/2021\/11\/14\/presenta-secult-libro-infantil-sobre-las-emociones\/","title":{"rendered":"Presenta SECULT libro infantil sobre las emociones"},"content":{"rendered":"\n<p>La Secretar\u00eda de Cultura del estado de Quer\u00e9taro, a trav\u00e9s del Fondo Editorial de Quer\u00e9taro, present\u00f3 el cuento&nbsp;<em>Florsiente<\/em>&nbsp;escrito por Atzelvi Bello y Sof\u00eda Paulsen Huelsz. El personaje principal del libro y cuento infantil es Flor, a quien los lectores pueden acompa\u00f1ar en un viaje para reconocer y descubrir sus sentimientos y lo que sus amigos le aconsejan.&nbsp;<\/p>\n\n\n\n<p>Atzelvi Bello, autora del&nbsp;<em>Florsiente<\/em>, indic\u00f3 que cada p\u00e1gina del libro contiene herramientas para que los ni\u00f1os comprendan la vida desde un lugar m\u00e1s consiente, y que se la idea de la publicaci\u00f3n es brindar estrategias y recursos que aporten al desarrollo psicoemocional de la ni\u00f1ez.&nbsp;<\/p>\n\n\n\n<blockquote class=\"wp-block-quote is-style-large is-layout-flow wp-block-quote-is-layout-flow\"><p>\u201cEn el cuento, Flor tiene c\u00f3mo amigos al coraz\u00f3n, al sol, a las nubes, al arco\u00edris, entre otros, y con ellos vive una historia en donde observa sus emociones y comprende la vida desde un lugar m\u00e1s consciente\u201d, refiri\u00f3 la autora, quien es psic\u00f3loga por la Universidad Iberoamericana, conferencista y especialista en terapia emocional para ni\u00f1os, adolescentes y adultos.\u00a0<\/p><\/blockquote>\n\n\n\n<p>Sof\u00eda Paulsen Huelsz es ilustradora y maestra de baile, estudi\u00f3 animaci\u00f3n y arte digital en el Instituto Tecnol\u00f3gico de Estudios Superiores de Monterrey, y coment\u00f3 que cre\u00f3 al personaje de Flor en un momento en que estaba fuera del pa\u00eds y necesitaba un apapacho, por lo que espera que el personaje se convierta en una gran compa\u00f1\u00eda en el crecimiento de los ni\u00f1os.&nbsp;<\/p>\n\n\n\n<blockquote class=\"wp-block-quote is-style-large is-layout-flow wp-block-quote-is-layout-flow\"><p>\u201c<em>Florsiente\u00a0<\/em>es un libro que, si bien es una obra de arte en s\u00ed mismo, trasciende, va m\u00e1s all\u00e1 al ser una herramienta que acompa\u00f1a en el reconocimiento y verbalizaci\u00f3n de las emociones\u201d, coment\u00f3 la ilustradora del libro.<\/p><\/blockquote>\n\n\n\n<p>Posterior a la presentaci\u00f3n del libro, la cuentacuentos Maricarmen interactu\u00f3 con los ni\u00f1os, ni\u00f1as y adolescentes mediante los personajes de&nbsp;<em>Florsiente<\/em>&nbsp;y los invit\u00f3 a una sesi\u00f3n de dibujo en donde pudieron crear sus propios personajes e ilustrar sus emociones.&nbsp;<\/p>\n","protected":false},"excerpt":{"rendered":"<p>La Secretar\u00eda de Cultura del estado de Quer\u00e9taro, a trav\u00e9s del Fondo Editorial de Quer\u00e9taro, present\u00f3 el cuento&nbsp;Florsiente&nbsp;escrito por Atzelvi Bello y Sof\u00eda Paulsen Huelsz. El personaje principal del libro &hellip; <a href=\"https:\/\/a3noticias.com.mx\/sandbox\/2021\/11\/14\/presenta-secult-libro-infantil-sobre-las-emociones\/\" class=\"more-link\">Leer m\u00e1s<\/a><\/p>\n","protected":false},"author":4,"featured_media":16880,"comment_status":"open","ping_status":"open","sticky":false,"template":"","format":"standard","meta":{"_monsterinsights_skip_tracking":false,"_monsterinsights_sitenote_active":false,"_monsterinsights_sitenote_note":"","_monsterinsights_sitenote_category":0,"footnotes":""},"categories":[2],"tags":[],"class_list":["post-16879","post","type-post","status-publish","format-standard","has-post-thumbnail","hentry","category-qro","entry"],"aioseo_notices":[],"_links":{"self":[{"href":"https:\/\/a3noticias.com.mx\/sandbox\/wp-json\/wp\/v2\/posts\/16879","targetHints":{"allow":["GET"]}}],"collection":[{"href":"https:\/\/a3noticias.com.mx\/sandbox\/wp-json\/wp\/v2\/posts"}],"about":[{"href":"https:\/\/a3noticias.com.mx\/sandbox\/wp-json\/wp\/v2\/types\/post"}],"author":[{"embeddable":true,"href":"https:\/\/a3noticias.com.mx\/sandbox\/wp-json\/wp\/v2\/users\/4"}],"replies":[{"embeddable":true,"href":"https:\/\/a3noticias.com.mx\/sandbox\/wp-json\/wp\/v2\/comments?post=16879"}],"version-history":[{"count":1,"href":"https:\/\/a3noticias.com.mx\/sandbox\/wp-json\/wp\/v2\/posts\/16879\/revisions"}],"predecessor-version":[{"id":16881,"href":"https:\/\/a3noticias.com.mx\/sandbox\/wp-json\/wp\/v2\/posts\/16879\/revisions\/16881"}],"wp:featuredmedia":[{"embeddable":true,"href":"https:\/\/a3noticias.com.mx\/sandbox\/wp-json\/wp\/v2\/media\/16880"}],"wp:attachment":[{"href":"https:\/\/a3noticias.com.mx\/sandbox\/wp-json\/wp\/v2\/media?parent=16879"}],"wp:term":[{"taxonomy":"category","embeddable":true,"href":"https:\/\/a3noticias.com.mx\/sandbox\/wp-json\/wp\/v2\/categories?post=16879"},{"taxonomy":"post_tag","embeddable":true,"href":"https:\/\/a3noticias.com.mx\/sandbox\/wp-json\/wp\/v2\/tags?post=16879"}],"curies":[{"name":"wp","href":"https:\/\/api.w.org\/{rel}","templated":true}]}}