{"id":16882,"date":"2021-11-14T10:52:13","date_gmt":"2021-11-14T16:52:13","guid":{"rendered":"https:\/\/a3noticias.com.mx\/sandbox\/?p=16882"},"modified":"2021-11-14T10:52:16","modified_gmt":"2021-11-14T16:52:16","slug":"gobierno-de-queretaro-adelanto-parte-del-aguinaldo-a-sus-trabajadores","status":"publish","type":"post","link":"https:\/\/a3noticias.com.mx\/sandbox\/2021\/11\/14\/gobierno-de-queretaro-adelanto-parte-del-aguinaldo-a-sus-trabajadores\/","title":{"rendered":"Gobierno de Quer\u00e9taro adelant\u00f3 parte del aguinaldo a sus trabajadores"},"content":{"rendered":"\n<p>Debido al cambio de administraci\u00f3n estatal, una parte del aguinaldo ya fue pagada a los trabajadores del gobierno del estado, inform\u00f3 el Oficial Mayor, Mario Ram\u00edrez Retolaza.&nbsp;<\/p>\n\n\n\n<blockquote class=\"wp-block-quote is-style-large is-layout-flow wp-block-quote-is-layout-flow\"><p>\u201cPor cambio de administraci\u00f3n los primeros nueve meses, la parte proporcional que corresponde ya fueron cubiertas en el mes de septiembre\u201d.\u00a0<\/p><\/blockquote>\n\n\n\n<p>Precis\u00f3 que los meses que restan por pagar son los correspondientes a octubre, noviembre y diciembre, los cuales ser\u00e1n pagados en tiempo y forma.<\/p>\n\n\n\n<p>Asimismo destac\u00f3 que hasta 195 personas fueron liquidadas, de las cuales 115 son por t\u00e9rmino de nombramiento, el resto por liquidaci\u00f3n de personal; lo que deriv\u00f3 en 280 demandas de trabajadores inconformes por los t\u00e9rminos de la conclusi\u00f3n de su contrato.\u00a0<\/p>\n\n\n\n<blockquote class=\"wp-block-quote is-style-large is-layout-flow wp-block-quote-is-layout-flow\"><p>\u201cHabitualmente son demandas por despido, puede haber otro tipo de injerencias en alguna queja. Puede haber un tema de algo en particular, alguna prestaci\u00f3n\u201d, detall\u00f3.<\/p><\/blockquote>\n\n\n\n<p>Sin embargo, aclar\u00f3 que el gobierno estatal cuenta con los recursos suficientes para cumplir con el pago, en caso de estar obligado a pagar lo correspondiente.<\/p>\n","protected":false},"excerpt":{"rendered":"<p>Debido al cambio de administraci\u00f3n estatal, una parte del aguinaldo ya fue pagada a los trabajadores del gobierno del estado, inform\u00f3 el Oficial Mayor, Mario Ram\u00edrez Retolaza.&nbsp; \u201cPor cambio de &hellip; <a href=\"https:\/\/a3noticias.com.mx\/sandbox\/2021\/11\/14\/gobierno-de-queretaro-adelanto-parte-del-aguinaldo-a-sus-trabajadores\/\" class=\"more-link\">Leer m\u00e1s<\/a><\/p>\n","protected":false},"author":4,"featured_media":16884,"comment_status":"open","ping_status":"open","sticky":false,"template":"","format":"standard","meta":{"_monsterinsights_skip_tracking":false,"_monsterinsights_sitenote_active":false,"_monsterinsights_sitenote_note":"","_monsterinsights_sitenote_category":0,"footnotes":""},"categories":[2],"tags":[],"class_list":["post-16882","post","type-post","status-publish","format-standard","has-post-thumbnail","hentry","category-qro","entry"],"aioseo_notices":[],"_links":{"self":[{"href":"https:\/\/a3noticias.com.mx\/sandbox\/wp-json\/wp\/v2\/posts\/16882","targetHints":{"allow":["GET"]}}],"collection":[{"href":"https:\/\/a3noticias.com.mx\/sandbox\/wp-json\/wp\/v2\/posts"}],"about":[{"href":"https:\/\/a3noticias.com.mx\/sandbox\/wp-json\/wp\/v2\/types\/post"}],"author":[{"embeddable":true,"href":"https:\/\/a3noticias.com.mx\/sandbox\/wp-json\/wp\/v2\/users\/4"}],"replies":[{"embeddable":true,"href":"https:\/\/a3noticias.com.mx\/sandbox\/wp-json\/wp\/v2\/comments?post=16882"}],"version-history":[{"count":1,"href":"https:\/\/a3noticias.com.mx\/sandbox\/wp-json\/wp\/v2\/posts\/16882\/revisions"}],"predecessor-version":[{"id":16885,"href":"https:\/\/a3noticias.com.mx\/sandbox\/wp-json\/wp\/v2\/posts\/16882\/revisions\/16885"}],"wp:featuredmedia":[{"embeddable":true,"href":"https:\/\/a3noticias.com.mx\/sandbox\/wp-json\/wp\/v2\/media\/16884"}],"wp:attachment":[{"href":"https:\/\/a3noticias.com.mx\/sandbox\/wp-json\/wp\/v2\/media?parent=16882"}],"wp:term":[{"taxonomy":"category","embeddable":true,"href":"https:\/\/a3noticias.com.mx\/sandbox\/wp-json\/wp\/v2\/categories?post=16882"},{"taxonomy":"post_tag","embeddable":true,"href":"https:\/\/a3noticias.com.mx\/sandbox\/wp-json\/wp\/v2\/tags?post=16882"}],"curies":[{"name":"wp","href":"https:\/\/api.w.org\/{rel}","templated":true}]}}