{"id":16886,"date":"2021-11-15T09:55:07","date_gmt":"2021-11-15T15:55:07","guid":{"rendered":"https:\/\/a3noticias.com.mx\/sandbox\/?p=16886"},"modified":"2021-11-15T09:55:09","modified_gmt":"2021-11-15T15:55:09","slug":"que-le-bajen-a-los-gastos-superfluos-responde-amlo-a-ine-por-recorte-presupuestal","status":"publish","type":"post","link":"https:\/\/a3noticias.com.mx\/sandbox\/2021\/11\/15\/que-le-bajen-a-los-gastos-superfluos-responde-amlo-a-ine-por-recorte-presupuestal\/","title":{"rendered":"\u201cQue le bajen a los gastos superfluos\u201d, responde AMLO a INE por recorte presupuestal."},"content":{"rendered":"\n<p>Luego de que este domingo, diputados federales, en \u200b\u200buna sesi\u00f3n de m\u00e1s de 42 horas, recortaran el presupuesto al Instituto Nacional Electoral (INE) en un 20%, convirti\u00e9ndose en el mayor recorte aprobado por los legisladores, Lorenzo Cordova, presidente del INE dijo que esto pone en riesgo el proceso de Revocaci\u00f3n de Mandato, el cual, parad\u00f3jicamente, est\u00e1 siendo promovido por la misma mayor\u00eda legislativa que aprob\u00f3 el Presupuesto 2022.<\/p>\n\n\n\n<p>Por su parte, el presidente, Andr\u00e9s Manuel L\u00f3pez Obrador, a trav\u00e9s de su conferencia matutina, neg\u00f3 que la reducci\u00f3n al \u00f3rgano en el Presupuesto de Egresos 2022 ponga en riesgo el ejercicio de la Revocaci\u00f3n de Mandato, pues \u201ctienen recursos suficientes\u201d, dijo.&nbsp;<\/p>\n\n\n\n<blockquote class=\"wp-block-quote is-layout-flow wp-block-quote-is-layout-flow\"><p>\u201cYo no opino lo mismo (&#8230;) Yo creo que tienen recursos suficientes.(\u2026) Que lleven a cabo un plan de austeridad. Los consejeros ganan el doble de lo que gana el presidente. Se rayan. Que les bajen a los vi\u00e1ticos, a las comidas, a los vinos y a todos los gastos superfluos. Austeridad republicana\u201d.<\/p><\/blockquote>\n\n\n\n<p>Por ello, el jefe del Ejecutivo federal reiter\u00f3 que el Instituto s\u00ed cuenta con recursos suficientes, ejemplificando con las acciones austeras que su administraci\u00f3n habr\u00eda llevado a cabo para la distribuci\u00f3n de los recursos, \u201c\u00bfC\u00f3mo no les va a alcanzar\u201d, cuestion\u00f3.<\/p>\n\n\n\n<p>Respecto a que el titular del organismo electoral amag\u00f3 con que acudir\u00e1 a las instancias legales para defender su derecho a contar con recursos suficientes para llevar a cabo las tareas previstas en 2022, entre ellas la revocaci\u00f3n de mandato, el mandatario&nbsp; asegur\u00f3 que \u201cest\u00e1 en su derecho\u201d de tomar acciones legales.<\/p>\n\n\n\n<blockquote class=\"wp-block-quote is-layout-flow wp-block-quote-is-layout-flow\"><p>\u201cEst\u00e1 en su derecho de hacerlo. Yo lo que pienso es que el presupuesto es dinero del pueblo. Nosotros somos simplemente administradores del dinero del pueblo\u201d.<\/p><\/blockquote>\n\n\n\n<p>Cabe destacar que al recorte del INE, el PEF tambi\u00e9n contempla recortes por m\u00e1s de 8 mil millones a otros \u00f3rganos y poderes aut\u00f3nomos, como el Poder Judicial, presupuesto al que se le realiz\u00f3 una disminuci\u00f3n de 3 mil millones de pesos, sin embargo se se propuso un 37% m\u00e1s de recursos, destacando la Guardia Nacional y el Tren Maya, los dos con 74% adicional al aprobado el a\u00f1o pasado.<\/p>\n","protected":false},"excerpt":{"rendered":"<p>Luego de que este domingo, diputados federales, en \u200b\u200buna sesi\u00f3n de m\u00e1s de 42 horas, recortaran el presupuesto al Instituto Nacional Electoral (INE) en un 20%, convirti\u00e9ndose en el mayor &hellip; <a href=\"https:\/\/a3noticias.com.mx\/sandbox\/2021\/11\/15\/que-le-bajen-a-los-gastos-superfluos-responde-amlo-a-ine-por-recorte-presupuestal\/\" class=\"more-link\">Leer m\u00e1s<\/a><\/p>\n","protected":false},"author":2,"featured_media":16887,"comment_status":"open","ping_status":"open","sticky":false,"template":"","format":"standard","meta":{"_monsterinsights_skip_tracking":false,"_monsterinsights_sitenote_active":false,"_monsterinsights_sitenote_note":"","_monsterinsights_sitenote_category":0,"footnotes":""},"categories":[3],"tags":[],"class_list":["post-16886","post","type-post","status-publish","format-standard","has-post-thumbnail","hentry","category-nal","entry"],"aioseo_notices":[],"_links":{"self":[{"href":"https:\/\/a3noticias.com.mx\/sandbox\/wp-json\/wp\/v2\/posts\/16886","targetHints":{"allow":["GET"]}}],"collection":[{"href":"https:\/\/a3noticias.com.mx\/sandbox\/wp-json\/wp\/v2\/posts"}],"about":[{"href":"https:\/\/a3noticias.com.mx\/sandbox\/wp-json\/wp\/v2\/types\/post"}],"author":[{"embeddable":true,"href":"https:\/\/a3noticias.com.mx\/sandbox\/wp-json\/wp\/v2\/users\/2"}],"replies":[{"embeddable":true,"href":"https:\/\/a3noticias.com.mx\/sandbox\/wp-json\/wp\/v2\/comments?post=16886"}],"version-history":[{"count":1,"href":"https:\/\/a3noticias.com.mx\/sandbox\/wp-json\/wp\/v2\/posts\/16886\/revisions"}],"predecessor-version":[{"id":16888,"href":"https:\/\/a3noticias.com.mx\/sandbox\/wp-json\/wp\/v2\/posts\/16886\/revisions\/16888"}],"wp:featuredmedia":[{"embeddable":true,"href":"https:\/\/a3noticias.com.mx\/sandbox\/wp-json\/wp\/v2\/media\/16887"}],"wp:attachment":[{"href":"https:\/\/a3noticias.com.mx\/sandbox\/wp-json\/wp\/v2\/media?parent=16886"}],"wp:term":[{"taxonomy":"category","embeddable":true,"href":"https:\/\/a3noticias.com.mx\/sandbox\/wp-json\/wp\/v2\/categories?post=16886"},{"taxonomy":"post_tag","embeddable":true,"href":"https:\/\/a3noticias.com.mx\/sandbox\/wp-json\/wp\/v2\/tags?post=16886"}],"curies":[{"name":"wp","href":"https:\/\/api.w.org\/{rel}","templated":true}]}}