{"id":16892,"date":"2021-11-15T12:47:01","date_gmt":"2021-11-15T18:47:01","guid":{"rendered":"https:\/\/a3noticias.com.mx\/sandbox\/?p=16892"},"modified":"2021-11-15T12:47:02","modified_gmt":"2021-11-15T18:47:02","slug":"austria-ordena-confinamiento-obligatorio-para-no-vacunados","status":"publish","type":"post","link":"https:\/\/a3noticias.com.mx\/sandbox\/2021\/11\/15\/austria-ordena-confinamiento-obligatorio-para-no-vacunados\/","title":{"rendered":"Austria ordena confinamiento obligatorio para no vacunados"},"content":{"rendered":"\n<p><strong>Austria ha puesto en cuarentena a cerca de 2 millones de personas no vacunadas a partir del pr\u00f3ximo lunes, en medio de niveles r\u00e9cord de infecci\u00f3n y una creciente presi\u00f3n sobre los hospitales que est\u00e1n cada vez m\u00e1s saturados.<\/strong><\/p>\n\n\n\n<blockquote class=\"wp-block-quote is-style-large is-layout-flow wp-block-quote-is-layout-flow\"><p>\u00abNo tomamos esta medida a la ligera, sabemos que es necesaria\u00bb, dijo el canciller Alexander Schallenberg.<\/p><\/blockquote>\n\n\n\n<p>De acuerdo con la orden, las personas no vacunadas s\u00f3lo podr\u00e1n salir de casa por un n\u00famero limitado de razones:&nbsp;<strong>trabajar o comprar alimentos<\/strong>. A esta poblaci\u00f3n ya se le prohib\u00eda acudir a restaurantes, peluquer\u00edas y cines.<\/p>\n\n\n\n<p>Alrededor del&nbsp;<strong>65%<\/strong>&nbsp;de los austriacos est\u00e1 totalmente vacunado, una de las tasas m\u00e1s bajas de Europa occidental. Mientras tanto, la tasa de infecci\u00f3n de siete d\u00edas ha marcado m\u00e1s de&nbsp;<strong>800 casos<\/strong>&nbsp;por cada 100.000 personas, una de las m\u00e1s altas de Europa.<\/p>\n\n\n\n<blockquote class=\"wp-block-quote is-style-large is-layout-flow wp-block-quote-is-layout-flow\"><p>\u00abHemos dicho a un tercio de la poblaci\u00f3n que ya no saldr\u00e1 de sus apartamentos salvo por determinadas razones. <strong>Es una reducci\u00f3n masiva de los contactos entre los vacunados y los no vacunados\u201d<\/strong>, reiter\u00f3 Schallenberg.<\/p><\/blockquote>\n","protected":false},"excerpt":{"rendered":"<p>Austria ha puesto en cuarentena a cerca de 2 millones de personas no vacunadas a partir del pr\u00f3ximo lunes, en medio de niveles r\u00e9cord de infecci\u00f3n y una creciente presi\u00f3n &hellip; <a href=\"https:\/\/a3noticias.com.mx\/sandbox\/2021\/11\/15\/austria-ordena-confinamiento-obligatorio-para-no-vacunados\/\" class=\"more-link\">Leer m\u00e1s<\/a><\/p>\n","protected":false},"author":4,"featured_media":16893,"comment_status":"open","ping_status":"open","sticky":false,"template":"","format":"standard","meta":{"_monsterinsights_skip_tracking":false,"_monsterinsights_sitenote_active":false,"_monsterinsights_sitenote_note":"","_monsterinsights_sitenote_category":0,"footnotes":""},"categories":[4],"tags":[],"class_list":["post-16892","post","type-post","status-publish","format-standard","has-post-thumbnail","hentry","category-inter","entry"],"aioseo_notices":[],"_links":{"self":[{"href":"https:\/\/a3noticias.com.mx\/sandbox\/wp-json\/wp\/v2\/posts\/16892","targetHints":{"allow":["GET"]}}],"collection":[{"href":"https:\/\/a3noticias.com.mx\/sandbox\/wp-json\/wp\/v2\/posts"}],"about":[{"href":"https:\/\/a3noticias.com.mx\/sandbox\/wp-json\/wp\/v2\/types\/post"}],"author":[{"embeddable":true,"href":"https:\/\/a3noticias.com.mx\/sandbox\/wp-json\/wp\/v2\/users\/4"}],"replies":[{"embeddable":true,"href":"https:\/\/a3noticias.com.mx\/sandbox\/wp-json\/wp\/v2\/comments?post=16892"}],"version-history":[{"count":1,"href":"https:\/\/a3noticias.com.mx\/sandbox\/wp-json\/wp\/v2\/posts\/16892\/revisions"}],"predecessor-version":[{"id":16894,"href":"https:\/\/a3noticias.com.mx\/sandbox\/wp-json\/wp\/v2\/posts\/16892\/revisions\/16894"}],"wp:featuredmedia":[{"embeddable":true,"href":"https:\/\/a3noticias.com.mx\/sandbox\/wp-json\/wp\/v2\/media\/16893"}],"wp:attachment":[{"href":"https:\/\/a3noticias.com.mx\/sandbox\/wp-json\/wp\/v2\/media?parent=16892"}],"wp:term":[{"taxonomy":"category","embeddable":true,"href":"https:\/\/a3noticias.com.mx\/sandbox\/wp-json\/wp\/v2\/categories?post=16892"},{"taxonomy":"post_tag","embeddable":true,"href":"https:\/\/a3noticias.com.mx\/sandbox\/wp-json\/wp\/v2\/tags?post=16892"}],"curies":[{"name":"wp","href":"https:\/\/api.w.org\/{rel}","templated":true}]}}