{"id":16898,"date":"2021-11-16T09:51:06","date_gmt":"2021-11-16T15:51:06","guid":{"rendered":"https:\/\/a3noticias.com.mx\/sandbox\/?p=16898"},"modified":"2021-11-16T09:51:08","modified_gmt":"2021-11-16T15:51:08","slug":"se-abrira-registro-de-vacuna-contra-covid-19-para-menores-de-15-a-17-anos","status":"publish","type":"post","link":"https:\/\/a3noticias.com.mx\/sandbox\/2021\/11\/16\/se-abrira-registro-de-vacuna-contra-covid-19-para-menores-de-15-a-17-anos\/","title":{"rendered":"Se abrir\u00e1 registro de vacuna contra Covid-19 para menores de 15 a 17 a\u00f1os."},"content":{"rendered":"\n<p>De acuerdo con el subsecretario de Prevenci\u00f3n y Promoci\u00f3n de la Salud, Hugo L\u00f3pez-Gatell, en los pr\u00f3ximos d\u00edas se vacunar\u00e1 contra Covid-19 a menores de 15 a 17 a\u00f1os.<\/p>\n\n\n\n<p>Durante la conferencia matutina del presidente Andr\u00e9s Manuel L\u00f3pez Obrador, el subsecretario se\u00f1al\u00f3 que el registro para vacunar a dicho sector de la poblaci\u00f3n se abrir\u00e1 a partir del pr\u00f3ximo viernes 19 de noviembre en la p\u00e1gina mivacuna.com.<\/p>\n\n\n\n<p>L\u00f3pez-Gatell aclar\u00f3 que no se vacunar\u00e1 a los menores de 15 a\u00f1os debido a que de acuerdo con el an\u00e1lisis la tasa de mortalidad para ese sector es \u00abextremadamente bajo\u00bb.<\/p>\n\n\n\n<blockquote class=\"wp-block-quote is-layout-flow wp-block-quote-is-layout-flow\"><p>\u201cEntre 10 y 14 a\u00f1os la mortalidad es muy baja, a partir de los 15 a\u00f1os hay un aumento de la mortalidad, aunque sigue siendo baja. Aumenta la mortalidad conforme aumenta la edad\u201d.<\/p><\/blockquote>\n\n\n\n<p>Apunt\u00f3 que habr\u00e1 especial enfasis para vacunar a mujeres adolescentes embarazadas, ya que afrontan mayores riesgos de complicaci\u00f3n por infecci\u00f3n del coronavirus.<\/p>\n\n\n\n<p>Respecto a los casos de covid-19, el subsecretario de saludo que durante 16 semanas seguidas se registra una reducci\u00f3n de casos de Covid-19 en el pa\u00eds y a\u00f1adi\u00f3, la hospitalizaci\u00f3n por coronavirus se mantienen con una tendencia a la baja.<\/p>\n","protected":false},"excerpt":{"rendered":"<p>De acuerdo con el subsecretario de Prevenci\u00f3n y Promoci\u00f3n de la Salud, Hugo L\u00f3pez-Gatell, en los pr\u00f3ximos d\u00edas se vacunar\u00e1 contra Covid-19 a menores de 15 a 17 a\u00f1os. Durante &hellip; <a href=\"https:\/\/a3noticias.com.mx\/sandbox\/2021\/11\/16\/se-abrira-registro-de-vacuna-contra-covid-19-para-menores-de-15-a-17-anos\/\" class=\"more-link\">Leer m\u00e1s<\/a><\/p>\n","protected":false},"author":2,"featured_media":16899,"comment_status":"open","ping_status":"open","sticky":false,"template":"","format":"standard","meta":{"_monsterinsights_skip_tracking":false,"_monsterinsights_sitenote_active":false,"_monsterinsights_sitenote_note":"","_monsterinsights_sitenote_category":0,"footnotes":""},"categories":[3],"tags":[],"class_list":["post-16898","post","type-post","status-publish","format-standard","has-post-thumbnail","hentry","category-nal","entry"],"aioseo_notices":[],"_links":{"self":[{"href":"https:\/\/a3noticias.com.mx\/sandbox\/wp-json\/wp\/v2\/posts\/16898","targetHints":{"allow":["GET"]}}],"collection":[{"href":"https:\/\/a3noticias.com.mx\/sandbox\/wp-json\/wp\/v2\/posts"}],"about":[{"href":"https:\/\/a3noticias.com.mx\/sandbox\/wp-json\/wp\/v2\/types\/post"}],"author":[{"embeddable":true,"href":"https:\/\/a3noticias.com.mx\/sandbox\/wp-json\/wp\/v2\/users\/2"}],"replies":[{"embeddable":true,"href":"https:\/\/a3noticias.com.mx\/sandbox\/wp-json\/wp\/v2\/comments?post=16898"}],"version-history":[{"count":1,"href":"https:\/\/a3noticias.com.mx\/sandbox\/wp-json\/wp\/v2\/posts\/16898\/revisions"}],"predecessor-version":[{"id":16900,"href":"https:\/\/a3noticias.com.mx\/sandbox\/wp-json\/wp\/v2\/posts\/16898\/revisions\/16900"}],"wp:featuredmedia":[{"embeddable":true,"href":"https:\/\/a3noticias.com.mx\/sandbox\/wp-json\/wp\/v2\/media\/16899"}],"wp:attachment":[{"href":"https:\/\/a3noticias.com.mx\/sandbox\/wp-json\/wp\/v2\/media?parent=16898"}],"wp:term":[{"taxonomy":"category","embeddable":true,"href":"https:\/\/a3noticias.com.mx\/sandbox\/wp-json\/wp\/v2\/categories?post=16898"},{"taxonomy":"post_tag","embeddable":true,"href":"https:\/\/a3noticias.com.mx\/sandbox\/wp-json\/wp\/v2\/tags?post=16898"}],"curies":[{"name":"wp","href":"https:\/\/api.w.org\/{rel}","templated":true}]}}