{"id":16901,"date":"2021-11-16T10:27:24","date_gmt":"2021-11-16T16:27:24","guid":{"rendered":"https:\/\/a3noticias.com.mx\/sandbox\/?p=16901"},"modified":"2021-11-16T10:27:26","modified_gmt":"2021-11-16T16:27:26","slug":"amlo-se-reune-con-diputados-federales-para-agradecer-aprobacion-de-presupuesto-2022","status":"publish","type":"post","link":"https:\/\/a3noticias.com.mx\/sandbox\/2021\/11\/16\/amlo-se-reune-con-diputados-federales-para-agradecer-aprobacion-de-presupuesto-2022\/","title":{"rendered":"AMLO se re\u00fane con diputados federales para agradecer aprobaci\u00f3n de presupuesto 2022."},"content":{"rendered":"\n<p>El presidente Andr\u00e9s Manuel L\u00f3pez Obrador se reuni\u00f3 con diputados federales en Palacio Nacional, con la intenci\u00f3n de agradecerles la&nbsp; aprobaci\u00f3n del Presupuesto 2022, la cual seg\u00fan el jefe del Ejecutivo, beneficiar\u00e1 a 25 millones de familias, adem\u00e1s de impulsar obras de infraestructura y fortalecer el mercado interno.<\/p>\n\n\n\n<blockquote class=\"wp-block-quote is-layout-flow wp-block-quote-is-layout-flow\"><p>\u201cSon aut\u00e9nticos y aut\u00e9nticas representantes del pueblo\u201d<\/p><\/blockquote>\n\n\n\n<p>Fueron las palabras que dijo el presidente al iniciar su intervenci\u00f3n.&nbsp;<\/p>\n\n\n\n<p>De acuerdo a lo que coment\u00f3 el mandatario federal previo al encuentro con los legisladores, en \u201cLa Ma\u00f1anera\u201d,&nbsp; el presupuesto beneficia de manera directa a 25 millones de familias.&nbsp;<\/p>\n\n\n\n<blockquote class=\"wp-block-quote is-layout-flow wp-block-quote-is-layout-flow\"><p>\u00a0\u201cSobre todo la gente m\u00e1s humilde, pobre, hasta la clase media y tambi\u00e9n nos beneficiamos todos, no s\u00f3lo los pobres sino tambi\u00e9n los que tenemos m\u00e1s ingresos\u201d.\u00a0<\/p><\/blockquote>\n\n\n\n<p>AMLO se\u00f1al\u00f3 que cuando hay desigualdad, pobreza y se abandona a los j\u00f3venes, hay frustraci\u00f3n y violencia; por lo que destac\u00f3 nuevamente la importancia de la aprobaci\u00f3n del presupuesto. Apunt\u00f3 que los diputados afines a su gobierno entendieron bien las necesidades del pa\u00eds ayudando a que se aprobara un plan de trabajo econ\u00f3mico que brinde bienestar a la poblaci\u00f3n.<\/p>\n\n\n\n<blockquote class=\"wp-block-quote is-layout-flow wp-block-quote-is-layout-flow\"><p>\u201cTodo esto lo entendieron muy bien, lo han internalizado, lo han convertido en convicci\u00f3n los legisladores y nos ayudaron para la aprobaci\u00f3n del presupuesto, es un presupuesto para el bienestar\u201d.<\/p><\/blockquote>\n","protected":false},"excerpt":{"rendered":"<p>El presidente Andr\u00e9s Manuel L\u00f3pez Obrador se reuni\u00f3 con diputados federales en Palacio Nacional, con la intenci\u00f3n de agradecerles la&nbsp; aprobaci\u00f3n del Presupuesto 2022, la cual seg\u00fan el jefe del &hellip; <a href=\"https:\/\/a3noticias.com.mx\/sandbox\/2021\/11\/16\/amlo-se-reune-con-diputados-federales-para-agradecer-aprobacion-de-presupuesto-2022\/\" class=\"more-link\">Leer m\u00e1s<\/a><\/p>\n","protected":false},"author":2,"featured_media":16902,"comment_status":"open","ping_status":"open","sticky":false,"template":"","format":"standard","meta":{"_monsterinsights_skip_tracking":false,"_monsterinsights_sitenote_active":false,"_monsterinsights_sitenote_note":"","_monsterinsights_sitenote_category":0,"footnotes":""},"categories":[3],"tags":[],"class_list":["post-16901","post","type-post","status-publish","format-standard","has-post-thumbnail","hentry","category-nal","entry"],"aioseo_notices":[],"_links":{"self":[{"href":"https:\/\/a3noticias.com.mx\/sandbox\/wp-json\/wp\/v2\/posts\/16901","targetHints":{"allow":["GET"]}}],"collection":[{"href":"https:\/\/a3noticias.com.mx\/sandbox\/wp-json\/wp\/v2\/posts"}],"about":[{"href":"https:\/\/a3noticias.com.mx\/sandbox\/wp-json\/wp\/v2\/types\/post"}],"author":[{"embeddable":true,"href":"https:\/\/a3noticias.com.mx\/sandbox\/wp-json\/wp\/v2\/users\/2"}],"replies":[{"embeddable":true,"href":"https:\/\/a3noticias.com.mx\/sandbox\/wp-json\/wp\/v2\/comments?post=16901"}],"version-history":[{"count":1,"href":"https:\/\/a3noticias.com.mx\/sandbox\/wp-json\/wp\/v2\/posts\/16901\/revisions"}],"predecessor-version":[{"id":16903,"href":"https:\/\/a3noticias.com.mx\/sandbox\/wp-json\/wp\/v2\/posts\/16901\/revisions\/16903"}],"wp:featuredmedia":[{"embeddable":true,"href":"https:\/\/a3noticias.com.mx\/sandbox\/wp-json\/wp\/v2\/media\/16902"}],"wp:attachment":[{"href":"https:\/\/a3noticias.com.mx\/sandbox\/wp-json\/wp\/v2\/media?parent=16901"}],"wp:term":[{"taxonomy":"category","embeddable":true,"href":"https:\/\/a3noticias.com.mx\/sandbox\/wp-json\/wp\/v2\/categories?post=16901"},{"taxonomy":"post_tag","embeddable":true,"href":"https:\/\/a3noticias.com.mx\/sandbox\/wp-json\/wp\/v2\/tags?post=16901"}],"curies":[{"name":"wp","href":"https:\/\/api.w.org\/{rel}","templated":true}]}}