{"id":16917,"date":"2021-11-16T12:03:20","date_gmt":"2021-11-16T18:03:20","guid":{"rendered":"https:\/\/a3noticias.com.mx\/sandbox\/?p=16917"},"modified":"2021-11-16T12:14:21","modified_gmt":"2021-11-16T18:14:21","slug":"uaq-lamenta-pef-2022-y-pide-al-estado-aumento-anual-de-13","status":"publish","type":"post","link":"https:\/\/a3noticias.com.mx\/sandbox\/2021\/11\/16\/uaq-lamenta-pef-2022-y-pide-al-estado-aumento-anual-de-13\/","title":{"rendered":"UAQ lamenta PEF 2022 y pide al estado aumento anual de 13%"},"content":{"rendered":"\n<p>Teresa Garc\u00eda Gasca, rectora de la Universidad Aut\u00f3noma de Quer\u00e9taro (UAQ), dijo que es lamentable que el Presupuesto de Egresos de la Federaci\u00f3n (PEF) 2022 no haya contemplado un aumento sustancial ni en educaci\u00f3n p\u00fablica, ni en la salud, por lo que se\u00f1al\u00f3 que ahora es trabajo del Gobierno estatal el garantizar que este recurso permita crecer los servicios que brinda la instituci\u00f3n, y reiter\u00f3 el llamado para que se garantice un aumento anual de 13 por ciento.<\/p>\n\n\n\n<blockquote class=\"wp-block-quote is-layout-flow wp-block-quote-is-layout-flow\"><p>\u201cNo es imposible, es muy factible y, desde luego, la Universidad estar\u00e1 entregando resultados\u201d.&nbsp;<\/p><\/blockquote>\n\n\n\n<p>La rectora, enfatiz\u00f3 que durante&nbsp; pandemia de COVID-19 la UAQ no ha parado operaciones, sino todo lo contrario, pues gener\u00f3 proyectos para sumar en la lucha contra la contingencia sanitaria.&nbsp;<\/p>\n\n\n\n<p>Entre los proyectos que requieren de recursos para garantizar su \u00e9xito est\u00e1 la operaci\u00f3n de los diferentes campus; en algunos municipios ya se cuenta con terreno donado por las autoridades locales, pero ahora es necesario ponerlos en operaci\u00f3n.&nbsp;<\/p>\n\n\n\n<blockquote class=\"wp-block-quote is-layout-flow wp-block-quote-is-layout-flow\"><p>\u201cLa UAQ opera en 13 de 18 municipios de la entidad, pero es una Universidad consolidada que se encuentra en crecimiento, con estrategias regionales que requieren la construcci\u00f3n de nuevas instalaciones\u201d,&nbsp;<\/p><\/blockquote>\n\n\n\n<p>Por lo que dijo que algunos puntos en los que seguir\u00e1n insistiendo para la gesti\u00f3n de recursos en la Legislatura local son obras de infraestructura y mantenimiento \u2014que representan una quinta parte de las necesidades reales de la Universidad\u2014, el incremento de matr\u00edcula, la formaci\u00f3n de profesionistas e indicadores de calidad.&nbsp;<\/p>\n\n\n\n<p>Asimismo se\u00f1al\u00f3 que la cl\u00ednica-hospital en la Sierra Gorda hace mucha falta, pues solamente hay un hospital que da atenci\u00f3n que es el de Jalpan de Serra.<\/p>\n","protected":false},"excerpt":{"rendered":"<p>Teresa Garc\u00eda Gasca, rectora de la Universidad Aut\u00f3noma de Quer\u00e9taro (UAQ), dijo que es lamentable que el Presupuesto de Egresos de la Federaci\u00f3n (PEF) 2022 no haya contemplado un aumento &hellip; <a href=\"https:\/\/a3noticias.com.mx\/sandbox\/2021\/11\/16\/uaq-lamenta-pef-2022-y-pide-al-estado-aumento-anual-de-13\/\" class=\"more-link\">Leer m\u00e1s<\/a><\/p>\n","protected":false},"author":2,"featured_media":16920,"comment_status":"open","ping_status":"open","sticky":false,"template":"","format":"standard","meta":{"_monsterinsights_skip_tracking":false,"_monsterinsights_sitenote_active":false,"_monsterinsights_sitenote_note":"","_monsterinsights_sitenote_category":0,"footnotes":""},"categories":[2],"tags":[],"class_list":["post-16917","post","type-post","status-publish","format-standard","has-post-thumbnail","hentry","category-qro","entry"],"aioseo_notices":[],"_links":{"self":[{"href":"https:\/\/a3noticias.com.mx\/sandbox\/wp-json\/wp\/v2\/posts\/16917","targetHints":{"allow":["GET"]}}],"collection":[{"href":"https:\/\/a3noticias.com.mx\/sandbox\/wp-json\/wp\/v2\/posts"}],"about":[{"href":"https:\/\/a3noticias.com.mx\/sandbox\/wp-json\/wp\/v2\/types\/post"}],"author":[{"embeddable":true,"href":"https:\/\/a3noticias.com.mx\/sandbox\/wp-json\/wp\/v2\/users\/2"}],"replies":[{"embeddable":true,"href":"https:\/\/a3noticias.com.mx\/sandbox\/wp-json\/wp\/v2\/comments?post=16917"}],"version-history":[{"count":2,"href":"https:\/\/a3noticias.com.mx\/sandbox\/wp-json\/wp\/v2\/posts\/16917\/revisions"}],"predecessor-version":[{"id":16921,"href":"https:\/\/a3noticias.com.mx\/sandbox\/wp-json\/wp\/v2\/posts\/16917\/revisions\/16921"}],"wp:featuredmedia":[{"embeddable":true,"href":"https:\/\/a3noticias.com.mx\/sandbox\/wp-json\/wp\/v2\/media\/16920"}],"wp:attachment":[{"href":"https:\/\/a3noticias.com.mx\/sandbox\/wp-json\/wp\/v2\/media?parent=16917"}],"wp:term":[{"taxonomy":"category","embeddable":true,"href":"https:\/\/a3noticias.com.mx\/sandbox\/wp-json\/wp\/v2\/categories?post=16917"},{"taxonomy":"post_tag","embeddable":true,"href":"https:\/\/a3noticias.com.mx\/sandbox\/wp-json\/wp\/v2\/tags?post=16917"}],"curies":[{"name":"wp","href":"https:\/\/api.w.org\/{rel}","templated":true}]}}