{"id":16923,"date":"2021-11-16T12:28:23","date_gmt":"2021-11-16T18:28:23","guid":{"rendered":"https:\/\/a3noticias.com.mx\/sandbox\/?p=16923"},"modified":"2021-11-16T12:28:25","modified_gmt":"2021-11-16T18:28:25","slug":"transportistas-amenazan-irrumpir-en-la-mananera-de-amlo-si-no-les-proporcionan-mejores-condiciones-laborales","status":"publish","type":"post","link":"https:\/\/a3noticias.com.mx\/sandbox\/2021\/11\/16\/transportistas-amenazan-irrumpir-en-la-mananera-de-amlo-si-no-les-proporcionan-mejores-condiciones-laborales\/","title":{"rendered":"Transportistas amenazan irrumpir en la ma\u00f1anera de AMLO  si no les proporcionan mejores condiciones laborales"},"content":{"rendered":"\n<p>Integrantes del gremio camionero Grupo Freno, se han unido para establecer acciones de mejora en las condiciones de trabajo de las y los conductores del transporte p\u00fablico y Privado de carga, as\u00ed como de pasajeros, exigiendo al gobierno federal se les brinde respuesta a sus solicitudes, incluso amenazan con llegar hasta la ma\u00f1anera de no recibir respuesta.<\/p>\n\n\n\n<blockquote class=\"wp-block-quote is-layout-flow wp-block-quote-is-layout-flow\"><p>\u201cEstamos siendo afectados de manera grave en cuestiones laborales, de seguridad, protecci\u00f3n, prestaciones sociales, derechos humanos, de todo; hay violaciones constitucionales, leyes y reglamentos de autotransporte que no se aplican; adem\u00e1s la Guardia Nacional \u00fanicamente nos intimidan y extorsionan; a parte estatales y municipales hacen retenes inconstitucionales; estamos siendo afectados y explotados y nadie hace algo al respecto\u201d se\u00f1alaron integrantes de Grupo Freno.<\/p><\/blockquote>\n\n\n\n<p>El que hasta ayer se ostentaba como presidente del grupo, Juan Jos\u00e9 Rebolledo, acus\u00f3 a las autoridades a las que el gremio ha acudido, entre ellas los legisladores federales, de no atender la situaci\u00f3n y hacer caso omiso a sus solicitudes de mejora de condiciones laborales.<\/p>\n\n\n\n<blockquote class=\"wp-block-quote is-layout-flow wp-block-quote-is-layout-flow\"><p>\u201ctodos le sacan vuelta, el tema los rebasa, queremos ver si al presidente tambi\u00e9n lo rebasa, que nos d\u00e9 una respuesta concreta\u201d, apunt\u00f3.<\/p><\/blockquote>\n\n\n\n<p>Ante esta problem\u00e1tica en la que se ven envueltos m\u00e1s de 800 mil operadores de transporte, buscar\u00e1n llegar a la conferencia matutina para ser escuchados por el mismo presidente de la Rep\u00fablica.<\/p>\n\n\n\n<p>Algunas de las peticiones del sector son seguros de vida que protejan a las familias de los conductores en caso de alg\u00fan accidente y\/o fallecimiento de los mismos, adem\u00e1s de prestaciones sociales, as\u00ed como, la correcta aplicaci\u00f3n de leyes y reglamentos de autotransporte.<\/p>\n","protected":false},"excerpt":{"rendered":"<p>Integrantes del gremio camionero Grupo Freno, se han unido para establecer acciones de mejora en las condiciones de trabajo de las y los conductores del transporte p\u00fablico y Privado de &hellip; <a href=\"https:\/\/a3noticias.com.mx\/sandbox\/2021\/11\/16\/transportistas-amenazan-irrumpir-en-la-mananera-de-amlo-si-no-les-proporcionan-mejores-condiciones-laborales\/\" class=\"more-link\">Leer m\u00e1s<\/a><\/p>\n","protected":false},"author":4,"featured_media":16924,"comment_status":"open","ping_status":"open","sticky":false,"template":"","format":"standard","meta":{"_monsterinsights_skip_tracking":false,"_monsterinsights_sitenote_active":false,"_monsterinsights_sitenote_note":"","_monsterinsights_sitenote_category":0,"footnotes":""},"categories":[3],"tags":[],"class_list":["post-16923","post","type-post","status-publish","format-standard","has-post-thumbnail","hentry","category-nal","entry"],"aioseo_notices":[],"_links":{"self":[{"href":"https:\/\/a3noticias.com.mx\/sandbox\/wp-json\/wp\/v2\/posts\/16923","targetHints":{"allow":["GET"]}}],"collection":[{"href":"https:\/\/a3noticias.com.mx\/sandbox\/wp-json\/wp\/v2\/posts"}],"about":[{"href":"https:\/\/a3noticias.com.mx\/sandbox\/wp-json\/wp\/v2\/types\/post"}],"author":[{"embeddable":true,"href":"https:\/\/a3noticias.com.mx\/sandbox\/wp-json\/wp\/v2\/users\/4"}],"replies":[{"embeddable":true,"href":"https:\/\/a3noticias.com.mx\/sandbox\/wp-json\/wp\/v2\/comments?post=16923"}],"version-history":[{"count":1,"href":"https:\/\/a3noticias.com.mx\/sandbox\/wp-json\/wp\/v2\/posts\/16923\/revisions"}],"predecessor-version":[{"id":16925,"href":"https:\/\/a3noticias.com.mx\/sandbox\/wp-json\/wp\/v2\/posts\/16923\/revisions\/16925"}],"wp:featuredmedia":[{"embeddable":true,"href":"https:\/\/a3noticias.com.mx\/sandbox\/wp-json\/wp\/v2\/media\/16924"}],"wp:attachment":[{"href":"https:\/\/a3noticias.com.mx\/sandbox\/wp-json\/wp\/v2\/media?parent=16923"}],"wp:term":[{"taxonomy":"category","embeddable":true,"href":"https:\/\/a3noticias.com.mx\/sandbox\/wp-json\/wp\/v2\/categories?post=16923"},{"taxonomy":"post_tag","embeddable":true,"href":"https:\/\/a3noticias.com.mx\/sandbox\/wp-json\/wp\/v2\/tags?post=16923"}],"curies":[{"name":"wp","href":"https:\/\/api.w.org\/{rel}","templated":true}]}}