{"id":16926,"date":"2021-11-17T08:58:40","date_gmt":"2021-11-17T14:58:40","guid":{"rendered":"https:\/\/a3noticias.com.mx\/sandbox\/?p=16926"},"modified":"2021-11-17T08:58:42","modified_gmt":"2021-11-17T14:58:42","slug":"cero-defunciones-por-covid-19-este-martes-en-queretaro","status":"publish","type":"post","link":"https:\/\/a3noticias.com.mx\/sandbox\/2021\/11\/17\/cero-defunciones-por-covid-19-este-martes-en-queretaro\/","title":{"rendered":"Cero defunciones por Covid-19 este martes en Quer\u00e9taro"},"content":{"rendered":"\n<p>La Secretar\u00eda de Salud de Quer\u00e9taro report\u00f3 este martes cero defunciones por COVID-19, aunque se sumaron 13 casos de la enfermedad; se trata de ocho mujeres y cinco hombres.<\/p>\n\n\n\n<p>El registro acumulado es de 98 mil 991 casos; 51% son mujeres y 49% son hombres. Se dio de alta sanitaria a 71 pacientes, con lo que se tiene un registro de 92 mil 337 altas (93.27%).<\/p>\n\n\n\n<p>Con sintomatolog\u00eda leve, aislamiento y manejo en su domicilio hay 598 pacientes y 68 hospitalizados, 33 de los cuales se encuentran graves. Se han registrado cinco mil 988 defunciones.<\/p>\n\n\n\n<p>Con relaci\u00f3n a la disponibilidad de camas de hospitalizaci\u00f3n general y con ventilador, con informaci\u00f3n de este 15 de noviembre, se tiene una ocupaci\u00f3n de 13 por ciento, con base en la Red Negativa de Infecciones Respiratorias Agudas (IRAG).&nbsp;<\/p>\n\n\n\n<p>En Quer\u00e9taro se registra 11 por ciento de ocupaci\u00f3n de camas con ventilador y 14 por ciento en camas sin ventilador.<\/p>\n\n\n\n<p>Se exhorta a la poblaci\u00f3n a no automedicarse y, para prevenir la transmisi\u00f3n, lavarse las manos de manera frecuente con agua y jab\u00f3n o utilizar soluciones alcoholadas a 70%, usar cubreboca al salir de casa y mantener sana distancia entre personas (de 1.5 a dos metros).&nbsp;<\/p>\n\n\n\n<p>Asimismo, a quedarse en casa\u00a0cuando\u00a0se tienen enfermedades respiratorias y\u00a0comunicarse al\u00a0<em>call center<\/em> estatal 4421015205,\u00a0para recibir orientaci\u00f3n m\u00e9dica\u00a0si se presenta alguno de los s\u00edntomas o signos como:\u00a0dificultad para respirar (dato de gravedad), fiebre (mayor a 38 grados), dolor de cabeza, tos, dolor de garganta, escurrimiento nasal,\u00a0dolor de pecho, alteraci\u00f3n del olfato o del sentido del gusto.\u00a0<\/p>\n\n\n\n<figure class=\"wp-block-image size-full\"><img loading=\"lazy\" decoding=\"async\" width=\"1280\" height=\"720\" src=\"https:\/\/a3noticias.com.mx\/sandbox\/wp-content\/uploads\/2021\/11\/71_273_34435_656341406_85D409F9-4251-4B04-AAB8-9A042E527FB0.jpeg\" alt=\"\" class=\"wp-image-16927\" srcset=\"https:\/\/a3noticias.com.mx\/sandbox\/wp-content\/uploads\/2021\/11\/71_273_34435_656341406_85D409F9-4251-4B04-AAB8-9A042E527FB0.jpeg 1280w, https:\/\/a3noticias.com.mx\/sandbox\/wp-content\/uploads\/2021\/11\/71_273_34435_656341406_85D409F9-4251-4B04-AAB8-9A042E527FB0-300x169.jpeg 300w, https:\/\/a3noticias.com.mx\/sandbox\/wp-content\/uploads\/2021\/11\/71_273_34435_656341406_85D409F9-4251-4B04-AAB8-9A042E527FB0-160x90.jpeg 160w, https:\/\/a3noticias.com.mx\/sandbox\/wp-content\/uploads\/2021\/11\/71_273_34435_656341406_85D409F9-4251-4B04-AAB8-9A042E527FB0-768x432.jpeg 768w\" sizes=\"auto, (max-width: 1280px) 100vw, 1280px\" \/><\/figure>\n\n\n\n<p><\/p>\n","protected":false},"excerpt":{"rendered":"<p>La Secretar\u00eda de Salud de Quer\u00e9taro report\u00f3 este martes cero defunciones por COVID-19, aunque se sumaron 13 casos de la enfermedad; se trata de ocho mujeres y cinco hombres. El &hellip; <a href=\"https:\/\/a3noticias.com.mx\/sandbox\/2021\/11\/17\/cero-defunciones-por-covid-19-este-martes-en-queretaro\/\" class=\"more-link\">Leer m\u00e1s<\/a><\/p>\n","protected":false},"author":4,"featured_media":16549,"comment_status":"open","ping_status":"open","sticky":false,"template":"","format":"standard","meta":{"_monsterinsights_skip_tracking":false,"_monsterinsights_sitenote_active":false,"_monsterinsights_sitenote_note":"","_monsterinsights_sitenote_category":0,"footnotes":""},"categories":[2],"tags":[],"class_list":["post-16926","post","type-post","status-publish","format-standard","has-post-thumbnail","hentry","category-qro","entry"],"aioseo_notices":[],"_links":{"self":[{"href":"https:\/\/a3noticias.com.mx\/sandbox\/wp-json\/wp\/v2\/posts\/16926","targetHints":{"allow":["GET"]}}],"collection":[{"href":"https:\/\/a3noticias.com.mx\/sandbox\/wp-json\/wp\/v2\/posts"}],"about":[{"href":"https:\/\/a3noticias.com.mx\/sandbox\/wp-json\/wp\/v2\/types\/post"}],"author":[{"embeddable":true,"href":"https:\/\/a3noticias.com.mx\/sandbox\/wp-json\/wp\/v2\/users\/4"}],"replies":[{"embeddable":true,"href":"https:\/\/a3noticias.com.mx\/sandbox\/wp-json\/wp\/v2\/comments?post=16926"}],"version-history":[{"count":1,"href":"https:\/\/a3noticias.com.mx\/sandbox\/wp-json\/wp\/v2\/posts\/16926\/revisions"}],"predecessor-version":[{"id":16928,"href":"https:\/\/a3noticias.com.mx\/sandbox\/wp-json\/wp\/v2\/posts\/16926\/revisions\/16928"}],"wp:featuredmedia":[{"embeddable":true,"href":"https:\/\/a3noticias.com.mx\/sandbox\/wp-json\/wp\/v2\/media\/16549"}],"wp:attachment":[{"href":"https:\/\/a3noticias.com.mx\/sandbox\/wp-json\/wp\/v2\/media?parent=16926"}],"wp:term":[{"taxonomy":"category","embeddable":true,"href":"https:\/\/a3noticias.com.mx\/sandbox\/wp-json\/wp\/v2\/categories?post=16926"},{"taxonomy":"post_tag","embeddable":true,"href":"https:\/\/a3noticias.com.mx\/sandbox\/wp-json\/wp\/v2\/tags?post=16926"}],"curies":[{"name":"wp","href":"https:\/\/api.w.org\/{rel}","templated":true}]}}