{"id":16954,"date":"2021-11-18T10:00:24","date_gmt":"2021-11-18T16:00:24","guid":{"rendered":"https:\/\/a3noticias.com.mx\/sandbox\/?p=16954"},"modified":"2021-11-18T10:00:27","modified_gmt":"2021-11-18T16:00:27","slug":"kuri-gonzalez-senala-que-conagua-encontro-factible-proyecto-de-acueducto-iii","status":"publish","type":"post","link":"https:\/\/a3noticias.com.mx\/sandbox\/2021\/11\/18\/kuri-gonzalez-senala-que-conagua-encontro-factible-proyecto-de-acueducto-iii\/","title":{"rendered":"Kuri Gonz\u00e1lez se\u00f1ala que CONAGUA encontr\u00f3 factible proyecto de Acueducto III."},"content":{"rendered":"\n<p>Luego de llevar una reuni\u00f3n de trabajo con el director general de la Comisi\u00f3n Nacional del Agua (CONAGUA), Germ\u00e1n Arturo Mart\u00ednez Santoyo, para valorar el proyecto de abasto de agua potable denominado \u201cAcueducto III\u201d, Mauricio Kuri Gonz\u00e1lez, gobernador del estado de Quer\u00e9taro, se\u00f1al\u00f3 que la dependencia encontr\u00f3 que el proyecto es factible.&nbsp;<\/p>\n\n\n\n<blockquote class=\"wp-block-quote is-layout-flow wp-block-quote-is-layout-flow\"><p>\u201cEs la primera pl\u00e1tica, lo ven viable, pero hasta que no lo vean a fondo. No quisiera adelantarme mucho, se trata de una concesi\u00f3n de la Presa Tzibanz\u00e1, la parte donde empieza el R\u00edo Moctezuma\u201d.<\/p><\/blockquote>\n\n\n\n<p>En ese sentido estim\u00f3 que el costo podr\u00eda ascender a los 6 mil millones de pesos, con lo cual se prev\u00e9 una capacidad de 3 metros c\u00fabicos, con capacidad para 50 a\u00f1os.&nbsp;<\/p>\n\n\n\n<blockquote class=\"wp-block-quote is-layout-flow wp-block-quote-is-layout-flow\"><p>\u201cPrimero lo que estamos haciendo es ver qu\u00e9 es lo que se necesita y despu\u00e9s ver los fondos, la forma de financiamiento\u201d.\u00a0<\/p><\/blockquote>\n\n\n\n<p>La reuni\u00f3n con el Director General de CONAGUA se llev\u00f3 a cabo con el objetivo de buscar llegar a acuerdos para garantizar que haya m\u00e1s agua en el estado, y de esta manera incluir a Quer\u00e9taro en la cartera de proyectos de la Comisi\u00f3n.<\/p>\n","protected":false},"excerpt":{"rendered":"<p>Luego de llevar una reuni\u00f3n de trabajo con el director general de la Comisi\u00f3n Nacional del Agua (CONAGUA), Germ\u00e1n Arturo Mart\u00ednez Santoyo, para valorar el proyecto de abasto de agua &hellip; <a href=\"https:\/\/a3noticias.com.mx\/sandbox\/2021\/11\/18\/kuri-gonzalez-senala-que-conagua-encontro-factible-proyecto-de-acueducto-iii\/\" class=\"more-link\">Leer m\u00e1s<\/a><\/p>\n","protected":false},"author":2,"featured_media":16955,"comment_status":"open","ping_status":"open","sticky":false,"template":"","format":"standard","meta":{"_monsterinsights_skip_tracking":false,"_monsterinsights_sitenote_active":false,"_monsterinsights_sitenote_note":"","_monsterinsights_sitenote_category":0,"footnotes":""},"categories":[2],"tags":[],"class_list":["post-16954","post","type-post","status-publish","format-standard","has-post-thumbnail","hentry","category-qro","entry"],"aioseo_notices":[],"_links":{"self":[{"href":"https:\/\/a3noticias.com.mx\/sandbox\/wp-json\/wp\/v2\/posts\/16954","targetHints":{"allow":["GET"]}}],"collection":[{"href":"https:\/\/a3noticias.com.mx\/sandbox\/wp-json\/wp\/v2\/posts"}],"about":[{"href":"https:\/\/a3noticias.com.mx\/sandbox\/wp-json\/wp\/v2\/types\/post"}],"author":[{"embeddable":true,"href":"https:\/\/a3noticias.com.mx\/sandbox\/wp-json\/wp\/v2\/users\/2"}],"replies":[{"embeddable":true,"href":"https:\/\/a3noticias.com.mx\/sandbox\/wp-json\/wp\/v2\/comments?post=16954"}],"version-history":[{"count":1,"href":"https:\/\/a3noticias.com.mx\/sandbox\/wp-json\/wp\/v2\/posts\/16954\/revisions"}],"predecessor-version":[{"id":16956,"href":"https:\/\/a3noticias.com.mx\/sandbox\/wp-json\/wp\/v2\/posts\/16954\/revisions\/16956"}],"wp:featuredmedia":[{"embeddable":true,"href":"https:\/\/a3noticias.com.mx\/sandbox\/wp-json\/wp\/v2\/media\/16955"}],"wp:attachment":[{"href":"https:\/\/a3noticias.com.mx\/sandbox\/wp-json\/wp\/v2\/media?parent=16954"}],"wp:term":[{"taxonomy":"category","embeddable":true,"href":"https:\/\/a3noticias.com.mx\/sandbox\/wp-json\/wp\/v2\/categories?post=16954"},{"taxonomy":"post_tag","embeddable":true,"href":"https:\/\/a3noticias.com.mx\/sandbox\/wp-json\/wp\/v2\/tags?post=16954"}],"curies":[{"name":"wp","href":"https:\/\/api.w.org\/{rel}","templated":true}]}}