{"id":16973,"date":"2021-11-18T13:46:29","date_gmt":"2021-11-18T19:46:29","guid":{"rendered":"https:\/\/a3noticias.com.mx\/sandbox\/?p=16973"},"modified":"2021-11-18T13:46:31","modified_gmt":"2021-11-18T19:46:31","slug":"se-reune-amlo-con-primer-ministro-de-canada-justin-trudeau","status":"publish","type":"post","link":"https:\/\/a3noticias.com.mx\/sandbox\/2021\/11\/18\/se-reune-amlo-con-primer-ministro-de-canada-justin-trudeau\/","title":{"rendered":"Se re\u00fane AMLO con primer ministro de Canad\u00e1, Justin Trudeau."},"content":{"rendered":"\n<p>El presidente Andr\u00e9s Manuel L\u00f3pez Obrador se reuni\u00f3 con el primer ministro de Canad\u00e1, Justin Trudeau, en el marco de la novena Cumbre de L\u00edderes de Am\u00e9rica del Norte.<\/p>\n\n\n\n<blockquote class=\"wp-block-quote is-layout-flow wp-block-quote-is-layout-flow\"><p>\u201cEstamos muy contentos de encontrarnos con el primer ministro Trudeau y, como ya lo mencion\u00e9, somos pueblos, naciones hermanas que estamos muy cerca, pertenecemos a Am\u00e9rica del Norte y tenemos muchas cosas en com\u00fan. Y lo m\u00e1s importante: una muy buena relaci\u00f3n de cooperaci\u00f3n y de amistad\u201d.<\/p><\/blockquote>\n\n\n\n<p>Por su parte, el primer ministro canadiense dijo que con M\u00e9xico hay muchos temas por hablar como comunidades ind\u00edgenas, derechos de las mujeres y la relaci\u00f3n econ\u00f3mica y social.<\/p>\n\n\n\n<blockquote class=\"wp-block-quote is-layout-flow wp-block-quote-is-layout-flow\"><p>\u201cEs un gran placer estar aqu\u00ed con el Presidente de M\u00e9xico, tenemos mucho que hablar y ser\u00eda un placer sentarme con \u00e9l para hablar sobre muchos temas que tenemos en com\u00fan\u201d.<\/p><\/blockquote>\n\n\n\n<p>Con esta reuni\u00f3n bilateral se da por primera vez un encuentro entre los mandatarios de M\u00e9xico y Canad\u00e1, quienes enfatizaron que la prosperidad debe ser resultado de acciones que garanticen la igualdad, la seguridad y el desarrollo de ambos pueblos y de la regi\u00f3n en su conjunto.<\/p>\n\n\n\n<p><\/p>\n","protected":false},"excerpt":{"rendered":"<p>El presidente Andr\u00e9s Manuel L\u00f3pez Obrador se reuni\u00f3 con el primer ministro de Canad\u00e1, Justin Trudeau, en el marco de la novena Cumbre de L\u00edderes de Am\u00e9rica del Norte. \u201cEstamos &hellip; <a href=\"https:\/\/a3noticias.com.mx\/sandbox\/2021\/11\/18\/se-reune-amlo-con-primer-ministro-de-canada-justin-trudeau\/\" class=\"more-link\">Leer m\u00e1s<\/a><\/p>\n","protected":false},"author":2,"featured_media":16974,"comment_status":"open","ping_status":"open","sticky":false,"template":"","format":"standard","meta":{"_monsterinsights_skip_tracking":false,"_monsterinsights_sitenote_active":false,"_monsterinsights_sitenote_note":"","_monsterinsights_sitenote_category":0,"footnotes":""},"categories":[4,3],"tags":[],"class_list":["post-16973","post","type-post","status-publish","format-standard","has-post-thumbnail","hentry","category-inter","category-nal","entry"],"aioseo_notices":[],"_links":{"self":[{"href":"https:\/\/a3noticias.com.mx\/sandbox\/wp-json\/wp\/v2\/posts\/16973","targetHints":{"allow":["GET"]}}],"collection":[{"href":"https:\/\/a3noticias.com.mx\/sandbox\/wp-json\/wp\/v2\/posts"}],"about":[{"href":"https:\/\/a3noticias.com.mx\/sandbox\/wp-json\/wp\/v2\/types\/post"}],"author":[{"embeddable":true,"href":"https:\/\/a3noticias.com.mx\/sandbox\/wp-json\/wp\/v2\/users\/2"}],"replies":[{"embeddable":true,"href":"https:\/\/a3noticias.com.mx\/sandbox\/wp-json\/wp\/v2\/comments?post=16973"}],"version-history":[{"count":1,"href":"https:\/\/a3noticias.com.mx\/sandbox\/wp-json\/wp\/v2\/posts\/16973\/revisions"}],"predecessor-version":[{"id":16975,"href":"https:\/\/a3noticias.com.mx\/sandbox\/wp-json\/wp\/v2\/posts\/16973\/revisions\/16975"}],"wp:featuredmedia":[{"embeddable":true,"href":"https:\/\/a3noticias.com.mx\/sandbox\/wp-json\/wp\/v2\/media\/16974"}],"wp:attachment":[{"href":"https:\/\/a3noticias.com.mx\/sandbox\/wp-json\/wp\/v2\/media?parent=16973"}],"wp:term":[{"taxonomy":"category","embeddable":true,"href":"https:\/\/a3noticias.com.mx\/sandbox\/wp-json\/wp\/v2\/categories?post=16973"},{"taxonomy":"post_tag","embeddable":true,"href":"https:\/\/a3noticias.com.mx\/sandbox\/wp-json\/wp\/v2\/tags?post=16973"}],"curies":[{"name":"wp","href":"https:\/\/api.w.org\/{rel}","templated":true}]}}