{"id":16982,"date":"2021-11-19T00:00:35","date_gmt":"2021-11-19T06:00:35","guid":{"rendered":"https:\/\/a3noticias.com.mx\/sandbox\/?p=16982"},"modified":"2021-11-18T17:45:04","modified_gmt":"2021-11-18T23:45:04","slug":"amazon-se-suma-a-iniciativa-td-2035-en-queretaro","status":"publish","type":"post","link":"https:\/\/a3noticias.com.mx\/sandbox\/2021\/11\/19\/amazon-se-suma-a-iniciativa-td-2035-en-queretaro\/","title":{"rendered":"Amazon se suma a iniciativa TD 2035 en Quer\u00e9taro."},"content":{"rendered":"\n<p>De acuerdo con el presidente del cl\u00faster de Tecnolog\u00edas de la Informaci\u00f3n y Comunicaci\u00f3n (V\u00f3rtice IT), Jorge Buitr\u00f3n Arriola, adelant\u00f3 que Amazon se suma a la iniciativa TD 2035 en Quer\u00e9taro con tres centros de datos que instalar\u00e1 en la entidad con los que van a crear un anillo interconectado que&nbsp; enlazar\u00e1&nbsp; un Mega Bus Digital hacia Estados Unidos, convirti\u00e9ndose en el \u00fanico centro a nivel mundial de estas&nbsp; caracter\u00edsticas,<\/p>\n\n\n\n<p>Se\u00f1al\u00f3 que la empresa viene a sumarse a los siete data center&nbsp; en Quer\u00e9taro, los cuales impulsar\u00e1n la creaci\u00f3n de capital humano y especialistas para que el nivel y la calidad de vida crezcan considerablemente en la entidad.<\/p>\n\n\n\n<blockquote class=\"wp-block-quote is-layout-flow wp-block-quote-is-layout-flow\"><p>\u201cNo es lo mismo tener mil obreros en la aeron\u00e1utica y la automotriz, a tener mil ingenieros en tecnolog\u00eda, y se les paga diez veces m\u00e1s (\u2026) Estos se\u00f1ores de Amazon se suben a la TD 2035 tambi\u00e9n y nos comentan que vienen con tres centros de datos, tres en Quer\u00e9taro es un monstruo, los tres de Amazon, adem\u00e1s de los que ya est\u00e1n de Telmex, Triara, AT&amp;T y los dem\u00e1s que ya est\u00e1n\u201d.<\/p><\/blockquote>\n\n\n\n<p>Pese a que apunt\u00f3 que la compa\u00f1\u00eda a\u00fan no ha revelado el monto que invertir\u00e1 en la entidad, asegur\u00f3 que es \u201cuna decisi\u00f3n\u201d ya tomada, estimando que para el primer trimestre de 2022 se d\u00e9 a conocer el proyecto de inversi\u00f3n en la entidad.<\/p>\n\n\n\n<p>Lo que s\u00ed adelant\u00f3 fueron las ubicaciones, seg\u00fan se\u00f1al\u00f3, uno de ellos estar\u00eda en el municipio de El Marqu\u00e9s, otro en Quer\u00e9taro y uno m\u00e1s en Corregidora.<\/p>\n\n\n\n<blockquote class=\"wp-block-quote is-layout-flow wp-block-quote-is-layout-flow\"><p>\u201cTres puntos estrat\u00e9gicos que se van a interconectar con Estados Unidos\u201d.<\/p><\/blockquote>\n\n\n\n<p>Asimismo, Buitr\u00f3n Arriola apunt\u00f3 que no solamente ser\u00e1n los tres centros de datos, sino que tambi\u00e9n un centro de distribuci\u00f3n de Amazon y adelant\u00f3 que otra de las grandes firmas que estar\u00e1n instalando su centro de datos en Quer\u00e9taro es Microsoft, la cual ya arranc\u00f3 la construcci\u00f3n de sus instalaciones, que estar\u00e1n ubicadas en la zona del Aeropuerto Internacional de Quer\u00e9taro (AIQ).<\/p>\n","protected":false},"excerpt":{"rendered":"<p>De acuerdo con el presidente del cl\u00faster de Tecnolog\u00edas de la Informaci\u00f3n y Comunicaci\u00f3n (V\u00f3rtice IT), Jorge Buitr\u00f3n Arriola, adelant\u00f3 que Amazon se suma a la iniciativa TD 2035 en &hellip; <a href=\"https:\/\/a3noticias.com.mx\/sandbox\/2021\/11\/19\/amazon-se-suma-a-iniciativa-td-2035-en-queretaro\/\" class=\"more-link\">Leer m\u00e1s<\/a><\/p>\n","protected":false},"author":2,"featured_media":16983,"comment_status":"open","ping_status":"open","sticky":false,"template":"","format":"standard","meta":{"_monsterinsights_skip_tracking":false,"_monsterinsights_sitenote_active":false,"_monsterinsights_sitenote_note":"","_monsterinsights_sitenote_category":0,"footnotes":""},"categories":[2],"tags":[],"class_list":["post-16982","post","type-post","status-publish","format-standard","has-post-thumbnail","hentry","category-qro","entry"],"aioseo_notices":[],"_links":{"self":[{"href":"https:\/\/a3noticias.com.mx\/sandbox\/wp-json\/wp\/v2\/posts\/16982","targetHints":{"allow":["GET"]}}],"collection":[{"href":"https:\/\/a3noticias.com.mx\/sandbox\/wp-json\/wp\/v2\/posts"}],"about":[{"href":"https:\/\/a3noticias.com.mx\/sandbox\/wp-json\/wp\/v2\/types\/post"}],"author":[{"embeddable":true,"href":"https:\/\/a3noticias.com.mx\/sandbox\/wp-json\/wp\/v2\/users\/2"}],"replies":[{"embeddable":true,"href":"https:\/\/a3noticias.com.mx\/sandbox\/wp-json\/wp\/v2\/comments?post=16982"}],"version-history":[{"count":1,"href":"https:\/\/a3noticias.com.mx\/sandbox\/wp-json\/wp\/v2\/posts\/16982\/revisions"}],"predecessor-version":[{"id":16984,"href":"https:\/\/a3noticias.com.mx\/sandbox\/wp-json\/wp\/v2\/posts\/16982\/revisions\/16984"}],"wp:featuredmedia":[{"embeddable":true,"href":"https:\/\/a3noticias.com.mx\/sandbox\/wp-json\/wp\/v2\/media\/16983"}],"wp:attachment":[{"href":"https:\/\/a3noticias.com.mx\/sandbox\/wp-json\/wp\/v2\/media?parent=16982"}],"wp:term":[{"taxonomy":"category","embeddable":true,"href":"https:\/\/a3noticias.com.mx\/sandbox\/wp-json\/wp\/v2\/categories?post=16982"},{"taxonomy":"post_tag","embeddable":true,"href":"https:\/\/a3noticias.com.mx\/sandbox\/wp-json\/wp\/v2\/tags?post=16982"}],"curies":[{"name":"wp","href":"https:\/\/api.w.org\/{rel}","templated":true}]}}