{"id":16994,"date":"2021-11-19T09:34:54","date_gmt":"2021-11-19T15:34:54","guid":{"rendered":"https:\/\/a3noticias.com.mx\/sandbox\/?p=16994"},"modified":"2021-11-19T09:34:57","modified_gmt":"2021-11-19T15:34:57","slug":"comenzara-este-lunes-aplicacion-de-vacunas-anticovid-en-menores-de-15-a-17-anos-en-sjr","status":"publish","type":"post","link":"https:\/\/a3noticias.com.mx\/sandbox\/2021\/11\/19\/comenzara-este-lunes-aplicacion-de-vacunas-anticovid-en-menores-de-15-a-17-anos-en-sjr\/","title":{"rendered":"Comenzar\u00e1 este lunes aplicaci\u00f3n de vacunas anticovid en menores de 15 a 17 a\u00f1os en SJR"},"content":{"rendered":"\n<p>Este viernes se abri\u00f3 la convocatoria en el pa\u00eds para los j\u00f3venes de entre 15 a 17 a\u00f1os sin comorbilidades que deseen aplicarse la vacuna contra el Covid-19; y el Director Regional del Programa de Desarrollo de Bienestar, Humberto Segura, afirm\u00f3 que ser\u00e1 a partir de este lunes que empiecen con la aplicaci\u00f3n de la primera dosis a este grupo de edad en el municipio de San Juan del R\u00edo.<\/p>\n\n\n\n<p>Coment\u00f3 que los menores recibir\u00e1n el ant\u00edgeno de la farmac\u00e9utica Pfizer e incit\u00f3 a la ciudadan\u00eda a respetar las convocatorias de acuerdo al lugar de residencia, toda vez que por el momento solo se estar\u00e1 aplicando a los que vivan en San Juan del R\u00edo, y asever\u00f3 que se ir\u00e1n abriendo las convocatorias para cada uno de los 18 municipios en el estado.<\/p>\n\n\n\n<p>De igual manera, inst\u00f3 a la poblaci\u00f3n a que respeten los lineamientos de la convocatoria, registr\u00e1ndose \u00fanicamente con 15 a\u00f1os cumplidos.<\/p>\n\n\n\n<blockquote class=\"wp-block-quote is-layout-flow wp-block-quote-is-layout-flow\"><p>\u201cNo 14 con 10 (meses), 15 cumplidos. Vamos a empezar el lunes, en el Cecuco, en San Juan del R\u00edo. Vamos a estarlos convocando igual, por colonias, por localidades, ordenadamente. Este fin de semana se da a conocer la convocatoria y estaremos toda la semana en el Cecuco\u201d puntualiz\u00f3.<\/p><\/blockquote>\n\n\n\n<p>Asimismo, detall\u00f3 que tambi\u00e9n se estar\u00e1 atendiendo a rezagados, a los cuales se les aplicar\u00e1n vacunas de otras farmac\u00e9uticas.<\/p>\n\n\n\n<p>Inform\u00f3 que hasta el momento, Quer\u00e9taro ha vacunado contra el Covid-19, al 97 por ciento de su poblaci\u00f3n mayores de 18 a\u00f1os.<\/p>\n","protected":false},"excerpt":{"rendered":"<p>Este viernes se abri\u00f3 la convocatoria en el pa\u00eds para los j\u00f3venes de entre 15 a 17 a\u00f1os sin comorbilidades que deseen aplicarse la vacuna contra el Covid-19; y el &hellip; <a href=\"https:\/\/a3noticias.com.mx\/sandbox\/2021\/11\/19\/comenzara-este-lunes-aplicacion-de-vacunas-anticovid-en-menores-de-15-a-17-anos-en-sjr\/\" class=\"more-link\">Leer m\u00e1s<\/a><\/p>\n","protected":false},"author":4,"featured_media":16995,"comment_status":"open","ping_status":"open","sticky":false,"template":"","format":"standard","meta":{"_monsterinsights_skip_tracking":false,"_monsterinsights_sitenote_active":false,"_monsterinsights_sitenote_note":"","_monsterinsights_sitenote_category":0,"footnotes":""},"categories":[2],"tags":[],"class_list":["post-16994","post","type-post","status-publish","format-standard","has-post-thumbnail","hentry","category-qro","entry"],"aioseo_notices":[],"_links":{"self":[{"href":"https:\/\/a3noticias.com.mx\/sandbox\/wp-json\/wp\/v2\/posts\/16994","targetHints":{"allow":["GET"]}}],"collection":[{"href":"https:\/\/a3noticias.com.mx\/sandbox\/wp-json\/wp\/v2\/posts"}],"about":[{"href":"https:\/\/a3noticias.com.mx\/sandbox\/wp-json\/wp\/v2\/types\/post"}],"author":[{"embeddable":true,"href":"https:\/\/a3noticias.com.mx\/sandbox\/wp-json\/wp\/v2\/users\/4"}],"replies":[{"embeddable":true,"href":"https:\/\/a3noticias.com.mx\/sandbox\/wp-json\/wp\/v2\/comments?post=16994"}],"version-history":[{"count":1,"href":"https:\/\/a3noticias.com.mx\/sandbox\/wp-json\/wp\/v2\/posts\/16994\/revisions"}],"predecessor-version":[{"id":16996,"href":"https:\/\/a3noticias.com.mx\/sandbox\/wp-json\/wp\/v2\/posts\/16994\/revisions\/16996"}],"wp:featuredmedia":[{"embeddable":true,"href":"https:\/\/a3noticias.com.mx\/sandbox\/wp-json\/wp\/v2\/media\/16995"}],"wp:attachment":[{"href":"https:\/\/a3noticias.com.mx\/sandbox\/wp-json\/wp\/v2\/media?parent=16994"}],"wp:term":[{"taxonomy":"category","embeddable":true,"href":"https:\/\/a3noticias.com.mx\/sandbox\/wp-json\/wp\/v2\/categories?post=16994"},{"taxonomy":"post_tag","embeddable":true,"href":"https:\/\/a3noticias.com.mx\/sandbox\/wp-json\/wp\/v2\/tags?post=16994"}],"curies":[{"name":"wp","href":"https:\/\/api.w.org\/{rel}","templated":true}]}}