{"id":16997,"date":"2021-11-19T09:54:56","date_gmt":"2021-11-19T15:54:56","guid":{"rendered":"https:\/\/a3noticias.com.mx\/sandbox\/?p=16997"},"modified":"2021-11-19T09:54:58","modified_gmt":"2021-11-19T15:54:58","slug":"estados-unidos-invertira-en-programa-de-desarrollo-centroamericano-sre","status":"publish","type":"post","link":"https:\/\/a3noticias.com.mx\/sandbox\/2021\/11\/19\/estados-unidos-invertira-en-programa-de-desarrollo-centroamericano-sre\/","title":{"rendered":"Estados Unidos invertir\u00e1 en programa de desarrollo centroamericano: SRE"},"content":{"rendered":"\n<p>Luego de la reuni\u00f3n entre los mandatarios de Estados Unidos, M\u00e9xico y Canad\u00e1, Marcelo Ebrard, secretario de Relaciones Exteriores, inform\u00f3 cu\u00e1les fueron los acuerdos logrados en dicho encuentro trilateral.&nbsp;<\/p>\n\n\n\n<p>Se\u00f1al\u00f3 que Estados Unidos va a invertir en un programa, que se llamar\u00eda Sembrando Oportunidades, para el desarrollo de Centroam\u00e9rica principalmente y el sur de M\u00e9xico.<\/p>\n\n\n\n<p>\u201cVamos a estar trabajando con las agencias de Estados Unidos en los pr\u00f3ximos d\u00edas pero lo m\u00e1s importante es que hay una respuesta a lo que el Presidente L\u00f3pez Obrador ha venido planteando en relaci\u00f3n a la migraci\u00f3n y al futuro\u201d.<\/p>\n\n\n\n<p>El Secretario apunt\u00f3 que est\u00e1n en un proceso presupuestal por parte de Estados Unidos, sin embargo apunt\u00f3 que para el caso mexicano el presupuesto autorizado para el a\u00f1o que entra podr\u00e1 pasar de 19 mil personas a 40 mil.<\/p>\n\n\n\n<blockquote class=\"wp-block-quote is-layout-flow wp-block-quote-is-layout-flow\"><p>\u201cLo que ya le pude informar a nuestra contraparte es que a nosotros ya se nos inform\u00f3 que para el caso mexicano el presupuesto autorizado para el a\u00f1o que entra nos va permitir pasar de 19 mil personas a 40 mil el a\u00f1o entrante, y Estados Unidos el compromiso que tiene es que tenga un impacto para 540 mil personas, entonces no sabemos el monto, pero ya saben el alcance que le quieren dar a sus acciones\u201d.<\/p><\/blockquote>\n\n\n\n<p>En la Embajada de M\u00e9xico, Ebrard abund\u00f3 que L\u00f3pez Obrador tambi\u00e9n explic\u00f3 a sus hom\u00f3logos de Estados Unidos y Canad\u00e1 las medidas de austeridad y por qu\u00e9 cree que la corrupci\u00f3n es el problema principal que se tiene que resolver. En el caso de Canad\u00e1, se\u00f1al\u00f3 que habr\u00e1 un trabajo conjunto en el rubro de hidroelectricidad.<\/p>\n\n\n\n<p>El titular de la Secretar\u00eda de Relaciones Exteriores&nbsp; aclar\u00f3 que no se toc\u00f3 el tema de la reforma energ\u00e9tica durante la Cumbre, pues no hubo mesa de energ\u00eda.<\/p>\n\n\n\n<blockquote class=\"wp-block-quote is-layout-flow wp-block-quote-is-layout-flow\"><p>\u201cNo se toc\u00f3 la reforma energ\u00e9tica, no tuvimos una mesa de energ\u00eda. El Presidente s\u00ed lo coment\u00f3 de porqu\u00e9 estaba haciendo esto, dentro de varias reformas que est\u00e1 haciendo. (&#8230;) Esencialmente el argumento del Presidente es que el modelo actual no es sustentable, es muy caro, implica subsidios cada vez crecientes, pero no fue un tema central porque no era el objetivo, no ten\u00edamos una mesa para discutir una reforma de M\u00e9xico, entonces, bueno, simple y llanamente fue lo que el Presidente explic\u00f3 sobre varias reformas\u201d.<\/p><\/blockquote>\n\n\n\n<p>El canciller adelant\u00f3 que la pr\u00f3xima Cumbre trilateral se realizar\u00e1 en la Ciudad de M\u00e9xico en 2022.<\/p>\n","protected":false},"excerpt":{"rendered":"<p>Luego de la reuni\u00f3n entre los mandatarios de Estados Unidos, M\u00e9xico y Canad\u00e1, Marcelo Ebrard, secretario de Relaciones Exteriores, inform\u00f3 cu\u00e1les fueron los acuerdos logrados en dicho encuentro trilateral.&nbsp; Se\u00f1al\u00f3 &hellip; <a href=\"https:\/\/a3noticias.com.mx\/sandbox\/2021\/11\/19\/estados-unidos-invertira-en-programa-de-desarrollo-centroamericano-sre\/\" class=\"more-link\">Leer m\u00e1s<\/a><\/p>\n","protected":false},"author":2,"featured_media":16998,"comment_status":"open","ping_status":"open","sticky":false,"template":"","format":"standard","meta":{"_monsterinsights_skip_tracking":false,"_monsterinsights_sitenote_active":false,"_monsterinsights_sitenote_note":"","_monsterinsights_sitenote_category":0,"footnotes":""},"categories":[3],"tags":[],"class_list":["post-16997","post","type-post","status-publish","format-standard","has-post-thumbnail","hentry","category-nal","entry"],"aioseo_notices":[],"_links":{"self":[{"href":"https:\/\/a3noticias.com.mx\/sandbox\/wp-json\/wp\/v2\/posts\/16997","targetHints":{"allow":["GET"]}}],"collection":[{"href":"https:\/\/a3noticias.com.mx\/sandbox\/wp-json\/wp\/v2\/posts"}],"about":[{"href":"https:\/\/a3noticias.com.mx\/sandbox\/wp-json\/wp\/v2\/types\/post"}],"author":[{"embeddable":true,"href":"https:\/\/a3noticias.com.mx\/sandbox\/wp-json\/wp\/v2\/users\/2"}],"replies":[{"embeddable":true,"href":"https:\/\/a3noticias.com.mx\/sandbox\/wp-json\/wp\/v2\/comments?post=16997"}],"version-history":[{"count":1,"href":"https:\/\/a3noticias.com.mx\/sandbox\/wp-json\/wp\/v2\/posts\/16997\/revisions"}],"predecessor-version":[{"id":16999,"href":"https:\/\/a3noticias.com.mx\/sandbox\/wp-json\/wp\/v2\/posts\/16997\/revisions\/16999"}],"wp:featuredmedia":[{"embeddable":true,"href":"https:\/\/a3noticias.com.mx\/sandbox\/wp-json\/wp\/v2\/media\/16998"}],"wp:attachment":[{"href":"https:\/\/a3noticias.com.mx\/sandbox\/wp-json\/wp\/v2\/media?parent=16997"}],"wp:term":[{"taxonomy":"category","embeddable":true,"href":"https:\/\/a3noticias.com.mx\/sandbox\/wp-json\/wp\/v2\/categories?post=16997"},{"taxonomy":"post_tag","embeddable":true,"href":"https:\/\/a3noticias.com.mx\/sandbox\/wp-json\/wp\/v2\/tags?post=16997"}],"curies":[{"name":"wp","href":"https:\/\/api.w.org\/{rel}","templated":true}]}}