{"id":17007,"date":"2021-11-19T10:32:16","date_gmt":"2021-11-19T16:32:16","guid":{"rendered":"https:\/\/a3noticias.com.mx\/sandbox\/?p=17007"},"modified":"2021-11-19T10:32:19","modified_gmt":"2021-11-19T16:32:19","slug":"imss-invita-a-la-poblacion-a-vacunarse-contra-influenza","status":"publish","type":"post","link":"https:\/\/a3noticias.com.mx\/sandbox\/2021\/11\/19\/imss-invita-a-la-poblacion-a-vacunarse-contra-influenza\/","title":{"rendered":"IMSS invita a la poblaci\u00f3n a vacunarse contra influenza."},"content":{"rendered":"\n<p>El Instituto Mexicano del Seguro Social (IMSS) en Quer\u00e9taro hace una atenta invitaci\u00f3n a los derechohabientes a acudir a las Unidades de Medicina Familiar (UMF), as\u00ed como a los puestos de vacunaci\u00f3n para recibir su vacuna contra la influenza.<\/p>\n\n\n\n<p>Seg\u00fan cifras oficiales del Instituto, este a\u00f1o aplicar\u00e1 283 mil 700 dosis de la vacuna, como parte de las medidas para evitar contagios de este padecimiento durante la temporada invernal.<\/p>\n\n\n\n<p>La Campa\u00f1a Nacional de Vacunaci\u00f3n contra la Influenza 2021\u20132022 est\u00e1 se enfoca en ni\u00f1as y ni\u00f1os de seis meses a cuatro a\u00f1os con&nbsp; 11 meses, personas mayores de 60 a\u00f1os, personas que viven con el Virus de Inmunodeficiencia Humana (VIH), diabetes, obesidad, c\u00e1ncer, enfermedades cardiacas, pulmonares, insuficiencia renal, inmunosupresi\u00f3n adquirida por enfermedad o por tratamiento, as\u00ed como mujeres embarazadas.<\/p>\n\n\n\n<p>De acuerdo con el responsable del reglamento sanitario en Quer\u00e9taro, Jos\u00e9 Hern\u00e1ndez Puga, las personas en situaci\u00f3n de calle que habitan en el estado de Quer\u00e9taro s\u00ed pueden acceder a su vacuna gratuita contra el virus de la influenza, siempre y cuando pertenezcan a los grupos preferentes en esta primera etapa, debido a que la campa\u00f1a es para toda la poblaci\u00f3n.<\/p>\n\n\n\n<p>Asimismo se vacunar\u00e1 al personal de salud del \u00e1rea m\u00e9dica, param\u00e9dica, laboratorio, intendencia, administrativo y estudiantes que tengan contacto con pacientes.<\/p>\n","protected":false},"excerpt":{"rendered":"<p>El Instituto Mexicano del Seguro Social (IMSS) en Quer\u00e9taro hace una atenta invitaci\u00f3n a los derechohabientes a acudir a las Unidades de Medicina Familiar (UMF), as\u00ed como a los puestos &hellip; <a href=\"https:\/\/a3noticias.com.mx\/sandbox\/2021\/11\/19\/imss-invita-a-la-poblacion-a-vacunarse-contra-influenza\/\" class=\"more-link\">Leer m\u00e1s<\/a><\/p>\n","protected":false},"author":2,"featured_media":17008,"comment_status":"open","ping_status":"open","sticky":false,"template":"","format":"standard","meta":{"_monsterinsights_skip_tracking":false,"_monsterinsights_sitenote_active":false,"_monsterinsights_sitenote_note":"","_monsterinsights_sitenote_category":0,"footnotes":""},"categories":[2],"tags":[],"class_list":["post-17007","post","type-post","status-publish","format-standard","has-post-thumbnail","hentry","category-qro","entry"],"aioseo_notices":[],"_links":{"self":[{"href":"https:\/\/a3noticias.com.mx\/sandbox\/wp-json\/wp\/v2\/posts\/17007","targetHints":{"allow":["GET"]}}],"collection":[{"href":"https:\/\/a3noticias.com.mx\/sandbox\/wp-json\/wp\/v2\/posts"}],"about":[{"href":"https:\/\/a3noticias.com.mx\/sandbox\/wp-json\/wp\/v2\/types\/post"}],"author":[{"embeddable":true,"href":"https:\/\/a3noticias.com.mx\/sandbox\/wp-json\/wp\/v2\/users\/2"}],"replies":[{"embeddable":true,"href":"https:\/\/a3noticias.com.mx\/sandbox\/wp-json\/wp\/v2\/comments?post=17007"}],"version-history":[{"count":1,"href":"https:\/\/a3noticias.com.mx\/sandbox\/wp-json\/wp\/v2\/posts\/17007\/revisions"}],"predecessor-version":[{"id":17009,"href":"https:\/\/a3noticias.com.mx\/sandbox\/wp-json\/wp\/v2\/posts\/17007\/revisions\/17009"}],"wp:featuredmedia":[{"embeddable":true,"href":"https:\/\/a3noticias.com.mx\/sandbox\/wp-json\/wp\/v2\/media\/17008"}],"wp:attachment":[{"href":"https:\/\/a3noticias.com.mx\/sandbox\/wp-json\/wp\/v2\/media?parent=17007"}],"wp:term":[{"taxonomy":"category","embeddable":true,"href":"https:\/\/a3noticias.com.mx\/sandbox\/wp-json\/wp\/v2\/categories?post=17007"},{"taxonomy":"post_tag","embeddable":true,"href":"https:\/\/a3noticias.com.mx\/sandbox\/wp-json\/wp\/v2\/tags?post=17007"}],"curies":[{"name":"wp","href":"https:\/\/api.w.org\/{rel}","templated":true}]}}