{"id":17013,"date":"2021-11-20T00:00:00","date_gmt":"2021-11-20T06:00:00","guid":{"rendered":"https:\/\/a3noticias.com.mx\/sandbox\/?p=17013"},"modified":"2021-11-19T14:04:15","modified_gmt":"2021-11-19T20:04:15","slug":"6-datos-de-la-revolucion-mexicana-que-probablemente-desconocias","status":"publish","type":"post","link":"https:\/\/a3noticias.com.mx\/sandbox\/2021\/11\/20\/6-datos-de-la-revolucion-mexicana-que-probablemente-desconocias\/","title":{"rendered":"6 datos de la Revoluci\u00f3n Mexicana que probablemente desconoc\u00edas."},"content":{"rendered":"\n<p>Hoy se conmemora el 111 aniversario de la Revoluci\u00f3n Mexicana, un suceso que, sin duda, marc\u00f3 la historia de M\u00e9xico. Como sabemos, este hecho dio inicio el 20 de noviembre de 1910 con el levantamiento en armas de los campesinos por la lucha al derecho a las tierras controladas por ejidatarios, banqueros y mineros, adem\u00e1s del antecedente de que Porfirio D\u00edaz se encuentra en el poder desde 1876.<\/p>\n\n\n\n<p>Sin embargo, aqu\u00ed te dejamos seis cosas que probablemente no sab\u00edas sobre este hecho hist\u00f3rico:<\/p>\n\n\n\n<p><strong>1.- Lema \u201cTierra y Libertad\u201d<\/strong><\/p>\n\n\n\n<p>Esta ic\u00f3nica frase de los revolucionarios, tambi\u00e9n llamados \u201crebeldes\u201d, surge como parte de las acciones que forjaron este movimiento: las publicaciones en peri\u00f3dicos de los opositores.<\/p>\n\n\n\n<p>Los creadores de la famosa frase \u201cTierra y Libertad\u201d fue creada por Enrique y Ricardo Flores Mag\u00f3n, hermanos, escritores, periodistas que publicaban en oposici\u00f3n al gobierno de Porfirio D\u00edaz, raz\u00f3n por la que fueron encarcelados y exiliados.<\/p>\n\n\n\n<p><strong>2.- Mujeres y ni\u00f1os en batalla<\/strong><\/p>\n\n\n\n<p>El papel de las mujeres se convirti\u00f3 en uno de los m\u00e1s importantes, pues&nbsp; conforme la guerra se extend\u00eda, ellas se encargaban de diversas labores, desde procurar los alimentos y lavar la ropa hasta el cuidado de los heridos de las batallas. Pero no solo eso, sino que tambi\u00e9n participaban en las estrategias de combate al convertirse en una especie de esp\u00edas e, incluso en traficantes de armas y combatientes, raz\u00f3n por las que eran llamadas \u201cLas Soldaderas\u201d.<\/p>\n\n\n\n<p>En cuanto a los ni\u00f1os, seg\u00fan su edad participaban en diferentes actividades espec\u00edficas, por ejemplo, a partir de los 5 a\u00f1os de edad, los ni\u00f1os hac\u00edan labores conjuntas con las mujeres. B\u00e1sicamente ayudar con el cuidado del ganado, cargar agua o llevar el alimento a los revolucionarios.<\/p>\n\n\n\n<p>Entre los 7 y 9 a\u00f1os, continuaban con algunas de estas tareas, pero ahora al lado de los soldados rebeldes, por lo que comenzaban a \u201cempaparse\u201d del modo de operar de ellos.<\/p>\n\n\n\n<p>A partir de los 10 a\u00f1os de edad, ya les eran asignadas labores de guerra y ten\u00edan entrenamiento militar. Aunque su principal tarea era la de espionaje, en muchos casos ya se les enviaba directamente a combate, por lo que pod\u00edan portar armas.<\/p>\n\n\n\n<p><strong>3.- Emiliano Zapata \u201cel caudillo del Sur\u201d<\/strong><\/p>\n\n\n\n<p>La figura de Emiliano Zapata ha sido la de defensor de los campesinos y se le ha expuesto como un hombre de escasos recursos, sin embargo, \u00e9l no era pobre. Su gran pasi\u00f3n eran los caballos, por lo que se dedicaba al comercio de estos, lo cual le dejaba buenas ganancias.<\/p>\n\n\n\n<p>De Zapata tambi\u00e9n se dice que recurr\u00eda a un doble para algunos eventos p\u00fablicos, debido al asedio del Gobierno. De hecho, luego de su asesinato, la gente buscaba el lunar que se sab\u00eda ten\u00eda en la parte superior de su ojo con el fin de corroborar que realmente se trataba de su cad\u00e1ver y no el del supuesto doble.<\/p>\n\n\n\n<p><strong>4.- Francisco Villa, \u201cel centauro del Norte\u201d<\/strong><\/p>\n\n\n\n<p>De acuerdo con algunas investigaciones \u201cel Centauro del Norte\u201d se cas\u00f3 al menos 27 veces y tuvo 26 hijos de los que se dice s\u00ed reconoci\u00f3 y vio porque progresaran a trav\u00e9s del estudio.<\/p>\n\n\n\n<p>De hecho, cuando fue gobernador de Chihuahua cre\u00f3 50 escuelas en un mes, las cuales acondicion\u00f3 con material y con maestros; por el contrario, destruy\u00f3 varias cantinas y amenazaba de muerte a todo aquel que dentro de su batall\u00f3n intentara emborracharse, pues pensaba que era la principal causa de los problemas.<\/p>\n\n\n\n<p><strong>5.- \u201cSufragio efectivo, no reelecci\u00f3n\u201d<\/strong><\/p>\n\n\n\n<p>En las clases de historia, a la mayor\u00eda nos ense\u00f1aron que fue Francisco I. Madero quien utiliz\u00f3 este lema en su proclamaci\u00f3n en contra del Porfiriato y dio inicio al movimiento revolucionario en 1910, sin embargo, ir\u00f3nicamente fue el propio Porfirio D\u00edaz quien la dijo en contra de Benito Ju\u00e1rez para evitar que este se reeligiera.<\/p>\n\n\n\n<p><strong>6.- Una guerra documentada<\/strong><\/p>\n\n\n\n<p>Para ese tiempo, la fotograf\u00eda fue el medio por el cual se pudo documentar la realidad de la revoluci\u00f3n.&nbsp; Agust\u00edn V\u00edctor Casasola fue el fot\u00f3grafo que conform\u00f3 la colecci\u00f3n en el acervo del Archivo Casasola, lo que lo convirti\u00f3 en uno de los primeros fot\u00f3grafos documentalistas de Latinoam\u00e9rica.<\/p>\n","protected":false},"excerpt":{"rendered":"<p>Hoy se conmemora el 111 aniversario de la Revoluci\u00f3n Mexicana, un suceso que, sin duda, marc\u00f3 la historia de M\u00e9xico. Como sabemos, este hecho dio inicio el 20 de noviembre &hellip; <a href=\"https:\/\/a3noticias.com.mx\/sandbox\/2021\/11\/20\/6-datos-de-la-revolucion-mexicana-que-probablemente-desconocias\/\" class=\"more-link\">Leer m\u00e1s<\/a><\/p>\n","protected":false},"author":2,"featured_media":17014,"comment_status":"open","ping_status":"open","sticky":false,"template":"","format":"standard","meta":{"_monsterinsights_skip_tracking":false,"_monsterinsights_sitenote_active":false,"_monsterinsights_sitenote_note":"","_monsterinsights_sitenote_category":0,"footnotes":""},"categories":[9],"tags":[],"class_list":["post-17013","post","type-post","status-publish","format-standard","has-post-thumbnail","hentry","category-cultura","entry"],"aioseo_notices":[],"_links":{"self":[{"href":"https:\/\/a3noticias.com.mx\/sandbox\/wp-json\/wp\/v2\/posts\/17013","targetHints":{"allow":["GET"]}}],"collection":[{"href":"https:\/\/a3noticias.com.mx\/sandbox\/wp-json\/wp\/v2\/posts"}],"about":[{"href":"https:\/\/a3noticias.com.mx\/sandbox\/wp-json\/wp\/v2\/types\/post"}],"author":[{"embeddable":true,"href":"https:\/\/a3noticias.com.mx\/sandbox\/wp-json\/wp\/v2\/users\/2"}],"replies":[{"embeddable":true,"href":"https:\/\/a3noticias.com.mx\/sandbox\/wp-json\/wp\/v2\/comments?post=17013"}],"version-history":[{"count":1,"href":"https:\/\/a3noticias.com.mx\/sandbox\/wp-json\/wp\/v2\/posts\/17013\/revisions"}],"predecessor-version":[{"id":17015,"href":"https:\/\/a3noticias.com.mx\/sandbox\/wp-json\/wp\/v2\/posts\/17013\/revisions\/17015"}],"wp:featuredmedia":[{"embeddable":true,"href":"https:\/\/a3noticias.com.mx\/sandbox\/wp-json\/wp\/v2\/media\/17014"}],"wp:attachment":[{"href":"https:\/\/a3noticias.com.mx\/sandbox\/wp-json\/wp\/v2\/media?parent=17013"}],"wp:term":[{"taxonomy":"category","embeddable":true,"href":"https:\/\/a3noticias.com.mx\/sandbox\/wp-json\/wp\/v2\/categories?post=17013"},{"taxonomy":"post_tag","embeddable":true,"href":"https:\/\/a3noticias.com.mx\/sandbox\/wp-json\/wp\/v2\/tags?post=17013"}],"curies":[{"name":"wp","href":"https:\/\/api.w.org\/{rel}","templated":true}]}}