{"id":17016,"date":"2021-11-20T09:00:43","date_gmt":"2021-11-20T15:00:43","guid":{"rendered":"https:\/\/a3noticias.com.mx\/sandbox\/?p=17016"},"modified":"2021-11-19T16:04:21","modified_gmt":"2021-11-19T22:04:21","slug":"buscan-crear-consciencia-sobre-discapacidad-e-inclusion","status":"publish","type":"post","link":"https:\/\/a3noticias.com.mx\/sandbox\/2021\/11\/20\/buscan-crear-consciencia-sobre-discapacidad-e-inclusion\/","title":{"rendered":"Buscan crear consciencia sobre Discapacidad e Inclusi\u00f3n"},"content":{"rendered":"\n<p>Con motivo del D\u00eda Internacional de las Personas con Discapacidad que tiene lugar cada 3 de diciembre, el Club de danza sobre silla de ruedas \u201cYha n \u0301hei\u201d, en Quer\u00e9taro, abri\u00f3 la convocatoria \u00abLas letras de la discapacidad\u00bb, que busca concientizar a la poblaci\u00f3n en la entidad y otras partes de la Rep\u00fablica, sobre lo que vive d\u00eda a d\u00eda una persona con discapacidad.<\/p>\n\n\n\n<p>Por ello, invitan a todos aquellos que presenten alguna discapacidad y\/o a sus familiares a contar sus experiencias, a fin de generar la empat\u00eda de la sociedad mexicana.<\/p>\n\n\n\n<p>La convocatoria consiste en realizar una carta contando la historia de su vida y como la han vivido teniendo una discapacidad, as\u00ed como los retos a los que se han enfrentado y sus observaciones acerca de lo que se podr\u00eda mejorar como sociedad en temas de inclusi\u00f3n.<\/p>\n\n\n\n<p>Ser\u00e1n seleccionadas por un jurado las diez cartas que se considere promuevan mayormente la concientizaci\u00f3n y sensibilizaci\u00f3n de la sociedad con respecto a este tema.<\/p>\n\n\n\n<p>La convocatoria estar\u00e1 abierta para personas de toda la Rep\u00fablica mexicana, a partir del 18 y hasta el 25 de noviembre y se podr\u00e1 consultar completa en el siguiente link: <a href=\"https:\/\/bit.ly\/3Hz65NS\">https:\/\/bit.ly\/3Hz65NS<\/a>.<\/p>\n\n\n\n<p>Dentro de los premios que se llevar\u00e1n los ganadores de las cartas, ser\u00e1 un paquete de diez libros denominados aut\u00e9nticas joyas de la historia del Estado de Quer\u00e9taro, y sus Municipios, adem\u00e1s de que se realizar\u00e1 un video para cada una de las diez cartas ganadoras donde se contar\u00e1 la historia narrada en ellas, misma que ser\u00e1 publicado en las redes sociales del Club Yha n \u0301hei.<\/p>\n\n\n\n<p>Asimismo, los ganadores ser\u00e1n reconocidos en una ceremonia de premiaci\u00f3n por la Lic. Marcela Herbert, Titular de la Secretaria de Cultura del Estado; la Dra. Mar\u00eda Teresa Berne, Titular de la Secretaria de Cultura del Municipio, el Dr. Eduardo Rabell, Titular de Cronistas Delegacionales y el Maestro en atenciones poblacionales especiales, V\u00edctor Ricardo L\u00f3pez Carmona.<\/p>\n\n\n\n<div class=\"wp-block-image\"><figure class=\"aligncenter size-large is-resized\"><img loading=\"lazy\" decoding=\"async\" src=\"https:\/\/a3noticias.com.mx\/sandbox\/wp-content\/uploads\/2021\/11\/Captura-de-pantalla-2021-11-19-a-las-16.03.05-70x90.png\" alt=\"\" class=\"wp-image-17023\" width=\"379\" height=\"488\" srcset=\"https:\/\/a3noticias.com.mx\/sandbox\/wp-content\/uploads\/2021\/11\/Captura-de-pantalla-2021-11-19-a-las-16.03.05-70x90.png 70w, https:\/\/a3noticias.com.mx\/sandbox\/wp-content\/uploads\/2021\/11\/Captura-de-pantalla-2021-11-19-a-las-16.03.05-233x300.png 233w, https:\/\/a3noticias.com.mx\/sandbox\/wp-content\/uploads\/2021\/11\/Captura-de-pantalla-2021-11-19-a-las-16.03.05-768x991.png 768w, https:\/\/a3noticias.com.mx\/sandbox\/wp-content\/uploads\/2021\/11\/Captura-de-pantalla-2021-11-19-a-las-16.03.05.png 1070w\" sizes=\"auto, (max-width: 379px) 100vw, 379px\" \/><\/figure><\/div>\n","protected":false},"excerpt":{"rendered":"<p>Con motivo del D\u00eda Internacional de las Personas con Discapacidad que tiene lugar cada 3 de diciembre, el Club de danza sobre silla de ruedas \u201cYha n \u0301hei\u201d, en Quer\u00e9taro, &hellip; <a href=\"https:\/\/a3noticias.com.mx\/sandbox\/2021\/11\/20\/buscan-crear-consciencia-sobre-discapacidad-e-inclusion\/\" class=\"more-link\">Leer m\u00e1s<\/a><\/p>\n","protected":false},"author":4,"featured_media":17018,"comment_status":"open","ping_status":"open","sticky":false,"template":"","format":"standard","meta":{"_monsterinsights_skip_tracking":false,"_monsterinsights_sitenote_active":false,"_monsterinsights_sitenote_note":"","_monsterinsights_sitenote_category":0,"footnotes":""},"categories":[9],"tags":[],"class_list":["post-17016","post","type-post","status-publish","format-standard","has-post-thumbnail","hentry","category-cultura","entry"],"aioseo_notices":[],"_links":{"self":[{"href":"https:\/\/a3noticias.com.mx\/sandbox\/wp-json\/wp\/v2\/posts\/17016","targetHints":{"allow":["GET"]}}],"collection":[{"href":"https:\/\/a3noticias.com.mx\/sandbox\/wp-json\/wp\/v2\/posts"}],"about":[{"href":"https:\/\/a3noticias.com.mx\/sandbox\/wp-json\/wp\/v2\/types\/post"}],"author":[{"embeddable":true,"href":"https:\/\/a3noticias.com.mx\/sandbox\/wp-json\/wp\/v2\/users\/4"}],"replies":[{"embeddable":true,"href":"https:\/\/a3noticias.com.mx\/sandbox\/wp-json\/wp\/v2\/comments?post=17016"}],"version-history":[{"count":3,"href":"https:\/\/a3noticias.com.mx\/sandbox\/wp-json\/wp\/v2\/posts\/17016\/revisions"}],"predecessor-version":[{"id":17024,"href":"https:\/\/a3noticias.com.mx\/sandbox\/wp-json\/wp\/v2\/posts\/17016\/revisions\/17024"}],"wp:featuredmedia":[{"embeddable":true,"href":"https:\/\/a3noticias.com.mx\/sandbox\/wp-json\/wp\/v2\/media\/17018"}],"wp:attachment":[{"href":"https:\/\/a3noticias.com.mx\/sandbox\/wp-json\/wp\/v2\/media?parent=17016"}],"wp:term":[{"taxonomy":"category","embeddable":true,"href":"https:\/\/a3noticias.com.mx\/sandbox\/wp-json\/wp\/v2\/categories?post=17016"},{"taxonomy":"post_tag","embeddable":true,"href":"https:\/\/a3noticias.com.mx\/sandbox\/wp-json\/wp\/v2\/tags?post=17016"}],"curies":[{"name":"wp","href":"https:\/\/api.w.org\/{rel}","templated":true}]}}