{"id":17026,"date":"2021-11-20T09:00:00","date_gmt":"2021-11-20T15:00:00","guid":{"rendered":"https:\/\/a3noticias.com.mx\/sandbox\/?p=17026"},"modified":"2021-11-19T17:53:17","modified_gmt":"2021-11-19T23:53:17","slug":"encuesta-revela-que-mexicanos-no-saben-sobre-la-revolucion-mexicana","status":"publish","type":"post","link":"https:\/\/a3noticias.com.mx\/sandbox\/2021\/11\/20\/encuesta-revela-que-mexicanos-no-saben-sobre-la-revolucion-mexicana\/","title":{"rendered":"Encuesta revela que mexicanos no saben sobre la Revoluci\u00f3n Mexicana"},"content":{"rendered":"\n<p>Este 20 de noviembre se celebra el aniversario de la Revoluci\u00f3n Mexicana, uno de los hechos hist\u00f3ricos m\u00e1s importantes y que marc\u00f3 el futuro de nuestra naci\u00f3n, sin embargo, una encuesta realizada v\u00eda telef\u00f3nica a la poblaci\u00f3n mexicana, revel\u00f3 que el 60 por ciento de las personas en el pa\u00eds, desconocen datos de la revoluci\u00f3n mexicana, como en qu\u00e9 a\u00f1o se inici\u00f3 y sus personajes principales.&nbsp;<\/p>\n\n\n\n<p>Seg\u00fan datos reportados por la encuestadora De las Heras, fueron entrevistadas 500 personas y ni la mitad pudo responder de manera correcta el a\u00f1o en que se dio el enfrentamiento armado. De acuerdo con la gr\u00e1fica emitida por la encuestadora, solo el 40 por ciento respondi\u00f3 de manera correcta.<\/p>\n\n\n\n<ul class=\"wp-block-list\"><li>40% dijo que fue en 1910<\/li><li>16% dijo que fue en 1810<\/li><li>36% dijo no saber el a\u00f1o<\/li><li>8% dijo otro a\u00f1o<\/li><\/ul>\n\n\n\n<figure class=\"wp-block-image size-large is-resized\"><img loading=\"lazy\" decoding=\"async\" src=\"https:\/\/a3noticias.com.mx\/sandbox\/wp-content\/uploads\/2021\/11\/encuesta-2-130448-160x90.jpeg\" alt=\"\" class=\"wp-image-17027\" width=\"663\" height=\"373\" srcset=\"https:\/\/a3noticias.com.mx\/sandbox\/wp-content\/uploads\/2021\/11\/encuesta-2-130448-160x90.jpeg 160w, https:\/\/a3noticias.com.mx\/sandbox\/wp-content\/uploads\/2021\/11\/encuesta-2-130448-300x169.jpeg 300w, https:\/\/a3noticias.com.mx\/sandbox\/wp-content\/uploads\/2021\/11\/encuesta-2-130448-768x432.jpeg 768w, https:\/\/a3noticias.com.mx\/sandbox\/wp-content\/uploads\/2021\/11\/encuesta-2-130448.jpeg 1200w\" sizes=\"auto, (max-width: 663px) 100vw, 663px\" \/><\/figure>\n\n\n\n<p>Otra de las preguntas realizadas, consisti\u00f3 en cu\u00e1l pensaba la gente que era el personaje que encabez\u00f3 la Revoluci\u00f3n Mexicana.&nbsp; La respuesta m\u00e1s com\u00fan fue \u201cPancho\u201d Villa, cuyo nombre real era Doroteo Arango, con el 30 por ciento, mientras que un 23 por ciento de los encuestados, afirm\u00f3 no saber qui\u00e9nes eran los personajes m\u00e1s importantes de esta revuelta hist\u00f3rica.<\/p>\n\n\n\n<ul class=\"wp-block-list\"><li>Francisco Villa con 30%<\/li><li>Emiliano Zapata con 21%<\/li><li>Francisco I. Madero con 8%<\/li><li>Venustiano Carranza con 4%<\/li><\/ul>\n\n\n\n<figure class=\"wp-block-image size-large is-resized\"><img loading=\"lazy\" decoding=\"async\" src=\"https:\/\/a3noticias.com.mx\/sandbox\/wp-content\/uploads\/2021\/11\/encuesta-3-130442-160x90.jpeg\" alt=\"\" class=\"wp-image-17028\" width=\"602\" height=\"339\" srcset=\"https:\/\/a3noticias.com.mx\/sandbox\/wp-content\/uploads\/2021\/11\/encuesta-3-130442-160x90.jpeg 160w, https:\/\/a3noticias.com.mx\/sandbox\/wp-content\/uploads\/2021\/11\/encuesta-3-130442-300x169.jpeg 300w, https:\/\/a3noticias.com.mx\/sandbox\/wp-content\/uploads\/2021\/11\/encuesta-3-130442-768x432.jpeg 768w, https:\/\/a3noticias.com.mx\/sandbox\/wp-content\/uploads\/2021\/11\/encuesta-3-130442.jpeg 1200w\" sizes=\"auto, (max-width: 602px) 100vw, 602px\" \/><\/figure>\n\n\n\n<p>Adem\u00e1s de esto, se les cuestion\u00f3 a los entrevistados sobre si creen que los objetivos de la Revoluci\u00f3n Mexicana se han cumplido en la actualidad, lo que arroj\u00f3 un alto porcentaje de respuestas a \u201cpoco\u201d y \u201cnada\u201d.<\/p>\n\n\n\n<figure class=\"wp-block-image size-large is-resized\"><img loading=\"lazy\" decoding=\"async\" src=\"https:\/\/a3noticias.com.mx\/sandbox\/wp-content\/uploads\/2021\/11\/encuesta-4-130438-160x90.jpeg\" alt=\"\" class=\"wp-image-17029\" width=\"618\" height=\"347\" srcset=\"https:\/\/a3noticias.com.mx\/sandbox\/wp-content\/uploads\/2021\/11\/encuesta-4-130438-160x90.jpeg 160w, https:\/\/a3noticias.com.mx\/sandbox\/wp-content\/uploads\/2021\/11\/encuesta-4-130438-300x169.jpeg 300w, https:\/\/a3noticias.com.mx\/sandbox\/wp-content\/uploads\/2021\/11\/encuesta-4-130438-768x432.jpeg 768w, https:\/\/a3noticias.com.mx\/sandbox\/wp-content\/uploads\/2021\/11\/encuesta-4-130438.jpeg 1200w\" sizes=\"auto, (max-width: 618px) 100vw, 618px\" \/><\/figure>\n\n\n\n<p>En cuanto a si se cree que una nueva revoluci\u00f3n mejorar\u00eda la situaci\u00f3n actual que vive el Pa\u00eds, el 51 por ciento respondi\u00f3 que la empeorar\u00eda.<\/p>\n\n\n\n<figure class=\"wp-block-image size-large is-resized\"><img loading=\"lazy\" decoding=\"async\" src=\"https:\/\/a3noticias.com.mx\/sandbox\/wp-content\/uploads\/2021\/11\/encuesta-5-130433-160x90.jpeg\" alt=\"\" class=\"wp-image-17030\" width=\"621\" height=\"349\" srcset=\"https:\/\/a3noticias.com.mx\/sandbox\/wp-content\/uploads\/2021\/11\/encuesta-5-130433-160x90.jpeg 160w, https:\/\/a3noticias.com.mx\/sandbox\/wp-content\/uploads\/2021\/11\/encuesta-5-130433-300x169.jpeg 300w, https:\/\/a3noticias.com.mx\/sandbox\/wp-content\/uploads\/2021\/11\/encuesta-5-130433-768x432.jpeg 768w, https:\/\/a3noticias.com.mx\/sandbox\/wp-content\/uploads\/2021\/11\/encuesta-5-130433.jpeg 1200w\" sizes=\"auto, (max-width: 621px) 100vw, 621px\" \/><\/figure>\n\n\n\n<p>A pesar de la respuesta anterior, la mitad respondi\u00f3 que estar\u00edan dispuestos a participar en una nueva revoluci\u00f3n.<\/p>\n\n\n\n<figure class=\"wp-block-image size-large is-resized\"><img loading=\"lazy\" decoding=\"async\" src=\"https:\/\/a3noticias.com.mx\/sandbox\/wp-content\/uploads\/2021\/11\/encuesta-1-130452-160x90.jpeg\" alt=\"\" class=\"wp-image-17031\" width=\"590\" height=\"332\" srcset=\"https:\/\/a3noticias.com.mx\/sandbox\/wp-content\/uploads\/2021\/11\/encuesta-1-130452-160x90.jpeg 160w, https:\/\/a3noticias.com.mx\/sandbox\/wp-content\/uploads\/2021\/11\/encuesta-1-130452-300x169.jpeg 300w, https:\/\/a3noticias.com.mx\/sandbox\/wp-content\/uploads\/2021\/11\/encuesta-1-130452-768x432.jpeg 768w, https:\/\/a3noticias.com.mx\/sandbox\/wp-content\/uploads\/2021\/11\/encuesta-1-130452.jpeg 1200w\" sizes=\"auto, (max-width: 590px) 100vw, 590px\" \/><\/figure>\n","protected":false},"excerpt":{"rendered":"<p>Este 20 de noviembre se celebra el aniversario de la Revoluci\u00f3n Mexicana, uno de los hechos hist\u00f3ricos m\u00e1s importantes y que marc\u00f3 el futuro de nuestra naci\u00f3n, sin embargo, una &hellip; <a href=\"https:\/\/a3noticias.com.mx\/sandbox\/2021\/11\/20\/encuesta-revela-que-mexicanos-no-saben-sobre-la-revolucion-mexicana\/\" class=\"more-link\">Leer m\u00e1s<\/a><\/p>\n","protected":false},"author":4,"featured_media":17034,"comment_status":"open","ping_status":"open","sticky":false,"template":"","format":"standard","meta":{"_monsterinsights_skip_tracking":false,"_monsterinsights_sitenote_active":false,"_monsterinsights_sitenote_note":"","_monsterinsights_sitenote_category":0,"footnotes":""},"categories":[9],"tags":[],"class_list":["post-17026","post","type-post","status-publish","format-standard","has-post-thumbnail","hentry","category-cultura","entry"],"aioseo_notices":[],"_links":{"self":[{"href":"https:\/\/a3noticias.com.mx\/sandbox\/wp-json\/wp\/v2\/posts\/17026","targetHints":{"allow":["GET"]}}],"collection":[{"href":"https:\/\/a3noticias.com.mx\/sandbox\/wp-json\/wp\/v2\/posts"}],"about":[{"href":"https:\/\/a3noticias.com.mx\/sandbox\/wp-json\/wp\/v2\/types\/post"}],"author":[{"embeddable":true,"href":"https:\/\/a3noticias.com.mx\/sandbox\/wp-json\/wp\/v2\/users\/4"}],"replies":[{"embeddable":true,"href":"https:\/\/a3noticias.com.mx\/sandbox\/wp-json\/wp\/v2\/comments?post=17026"}],"version-history":[{"count":1,"href":"https:\/\/a3noticias.com.mx\/sandbox\/wp-json\/wp\/v2\/posts\/17026\/revisions"}],"predecessor-version":[{"id":17033,"href":"https:\/\/a3noticias.com.mx\/sandbox\/wp-json\/wp\/v2\/posts\/17026\/revisions\/17033"}],"wp:featuredmedia":[{"embeddable":true,"href":"https:\/\/a3noticias.com.mx\/sandbox\/wp-json\/wp\/v2\/media\/17034"}],"wp:attachment":[{"href":"https:\/\/a3noticias.com.mx\/sandbox\/wp-json\/wp\/v2\/media?parent=17026"}],"wp:term":[{"taxonomy":"category","embeddable":true,"href":"https:\/\/a3noticias.com.mx\/sandbox\/wp-json\/wp\/v2\/categories?post=17026"},{"taxonomy":"post_tag","embeddable":true,"href":"https:\/\/a3noticias.com.mx\/sandbox\/wp-json\/wp\/v2\/tags?post=17026"}],"curies":[{"name":"wp","href":"https:\/\/api.w.org\/{rel}","templated":true}]}}