{"id":17053,"date":"2021-11-22T10:21:28","date_gmt":"2021-11-22T16:21:28","guid":{"rendered":"https:\/\/a3noticias.com.mx\/sandbox\/?p=17053"},"modified":"2021-11-22T10:21:32","modified_gmt":"2021-11-22T16:21:32","slug":"amlo-satisfecho-con-encuentro-trilateral","status":"publish","type":"post","link":"https:\/\/a3noticias.com.mx\/sandbox\/2021\/11\/22\/amlo-satisfecho-con-encuentro-trilateral\/","title":{"rendered":"AMLO satisfecho con encuentro trilateral"},"content":{"rendered":"\n<blockquote class=\"wp-block-quote is-layout-flow wp-block-quote-is-layout-flow\"><p>\u201cFue una muy buena visita a Washington, muy buen encuentro con el primer ministro Trudeau y el presidente Biden\u201d<\/p><\/blockquote>\n\n\n\n<p>Fue lo que coment\u00f3 el presidente Andr\u00e9s Manuel L\u00f3pez Obrador acerca de su encuentro trilateral con los mandatarios de Canad\u00e1 y Estados Unidos, resalt\u00f3 que se trat\u00f3 de una reuni\u00f3n muy respetuosa y que no hubo ninguna diferencia de fondo.<\/p>\n\n\n\n<blockquote class=\"wp-block-quote is-layout-flow wp-block-quote-is-layout-flow\"><p>\u201cTuvimos muchas coincidencias, dir\u00eda que ninguna diferencia de fondo; yo llegu\u00e9 a decirles que era como un encuentro progresista, us\u00e9 el t\u00e9rmino cumbre progresista por las coincidencias\u201d.<\/p><\/blockquote>\n\n\n\n<p>El jefe del Ejecutivo coment\u00f3 que, en el caso de Canad\u00e1, trataron el tema de la industria el\u00e9ctrica y de la posibilidad de cooperaci\u00f3n para modernizar equipos, turbinas e hidroel\u00e9ctricas porque ellos tienen una empresa p\u00fablica, as\u00ed como la CFE, as\u00ed como se plante\u00f3 la posibilidad de establecer un acuerdo entre estas empresas p\u00fablicas para modernizar hidroel\u00e9ctricas.&nbsp;<\/p>\n\n\n\n<blockquote class=\"wp-block-quote is-layout-flow wp-block-quote-is-layout-flow\"><p>\u201cTambi\u00e9n se aclar\u00f3 que no tenemos conflictos en el sector minero, que se ha ido resolviendo los problemas con las mineras canadienses, que solo nos queda uno pendiente que tiene que ver con lo fiscal, con una mina en Durango\u201d.<\/p><\/blockquote>\n\n\n\n<p>El mandatario federal se\u00f1al\u00f3 que el Se\u00f1or Biden fue muy respetuoso, amable, no prepotente, cuidadoso, termin\u00f3 su intervenci\u00f3n en la reuni\u00f3n diciendo <em>\u201cespero que no hayamos cometido alguna imprudencia y que se sintiera que actuamos de manera arrogante, si lo hicimos, palabras m\u00e1s palabras menos les ofrecemos disculpas\u201d<\/em>.<\/p>\n","protected":false},"excerpt":{"rendered":"<p>\u201cFue una muy buena visita a Washington, muy buen encuentro con el primer ministro Trudeau y el presidente Biden\u201d Fue lo que coment\u00f3 el presidente Andr\u00e9s Manuel L\u00f3pez Obrador acerca &hellip; <a href=\"https:\/\/a3noticias.com.mx\/sandbox\/2021\/11\/22\/amlo-satisfecho-con-encuentro-trilateral\/\" class=\"more-link\">Leer m\u00e1s<\/a><\/p>\n","protected":false},"author":2,"featured_media":17062,"comment_status":"open","ping_status":"open","sticky":false,"template":"","format":"standard","meta":{"_monsterinsights_skip_tracking":false,"_monsterinsights_sitenote_active":false,"_monsterinsights_sitenote_note":"","_monsterinsights_sitenote_category":0,"footnotes":""},"categories":[3,1],"tags":[],"class_list":["post-17053","post","type-post","status-publish","format-standard","has-post-thumbnail","hentry","category-nal","category-uncategorized","entry"],"aioseo_notices":[],"_links":{"self":[{"href":"https:\/\/a3noticias.com.mx\/sandbox\/wp-json\/wp\/v2\/posts\/17053","targetHints":{"allow":["GET"]}}],"collection":[{"href":"https:\/\/a3noticias.com.mx\/sandbox\/wp-json\/wp\/v2\/posts"}],"about":[{"href":"https:\/\/a3noticias.com.mx\/sandbox\/wp-json\/wp\/v2\/types\/post"}],"author":[{"embeddable":true,"href":"https:\/\/a3noticias.com.mx\/sandbox\/wp-json\/wp\/v2\/users\/2"}],"replies":[{"embeddable":true,"href":"https:\/\/a3noticias.com.mx\/sandbox\/wp-json\/wp\/v2\/comments?post=17053"}],"version-history":[{"count":1,"href":"https:\/\/a3noticias.com.mx\/sandbox\/wp-json\/wp\/v2\/posts\/17053\/revisions"}],"predecessor-version":[{"id":17063,"href":"https:\/\/a3noticias.com.mx\/sandbox\/wp-json\/wp\/v2\/posts\/17053\/revisions\/17063"}],"wp:featuredmedia":[{"embeddable":true,"href":"https:\/\/a3noticias.com.mx\/sandbox\/wp-json\/wp\/v2\/media\/17062"}],"wp:attachment":[{"href":"https:\/\/a3noticias.com.mx\/sandbox\/wp-json\/wp\/v2\/media?parent=17053"}],"wp:term":[{"taxonomy":"category","embeddable":true,"href":"https:\/\/a3noticias.com.mx\/sandbox\/wp-json\/wp\/v2\/categories?post=17053"},{"taxonomy":"post_tag","embeddable":true,"href":"https:\/\/a3noticias.com.mx\/sandbox\/wp-json\/wp\/v2\/tags?post=17053"}],"curies":[{"name":"wp","href":"https:\/\/api.w.org\/{rel}","templated":true}]}}