{"id":17054,"date":"2021-11-22T10:00:38","date_gmt":"2021-11-22T16:00:38","guid":{"rendered":"https:\/\/a3noticias.com.mx\/sandbox\/?p=17054"},"modified":"2021-11-22T10:03:42","modified_gmt":"2021-11-22T16:03:42","slug":"arrancan-festividades-navidenas-en-queretaro","status":"publish","type":"post","link":"https:\/\/a3noticias.com.mx\/sandbox\/2021\/11\/22\/arrancan-festividades-navidenas-en-queretaro\/","title":{"rendered":"Arrancan festividades navide\u00f1as en Quer\u00e9taro"},"content":{"rendered":"\n<p>Luego de que en 2020 se suspendieran las tradicionales festividades navide\u00f1as en la entidad a causa de la pandemia, el Patronato de las Fiestas del estado, hizo oficial el inicio de las celebraciones navide\u00f1as en Quer\u00e9taro, con la salida del Carro del anuncio, que encabez\u00f3 la reina de las Fiestas de la Navidad 2020, Alejandra V.<\/p>\n\n\n\n<p>El recorrido parti\u00f3 de la calle de Corregidora, cruzando Pino Su\u00e1rez y \u00c1ngela Peralta, para regresar de nuevo al punto de partida. En el alegre momento, acompa\u00f1aron a la reina de las Fiestas de la Navidad grupos de estudiantina, mariachi, banda, bailarines de danza regional y zanqueros.<\/p>\n\n\n\n<p>Entre protocolos y un agradable momento, la reina de las Fiestas de la Navidad 2020, Alejandra V, desde su trono saludaba a los presentes con saludos cortos y largos seguidos de una sonrisa. La noche de este domingo visti\u00f3 un brillante vestido que reflejaba la luz y su corona de \u201cdiamantes\u201d, misma que ser\u00e1 entregada el pr\u00f3ximo 10 de diciembre en el evento de coronaci\u00f3n a la nueva reina de las Fiestas de la Navidad 2021, Victoria I.<\/p>\n\n\n\n<p>Por lo pronto, este pr\u00f3ximo jueves ser\u00e1 presentado el Heraldo de la Navidad; y el pr\u00f3ximo 6 de diciembre se llevar\u00e1 a cabo el encendido del \u00e1rbol de la Amistad e inauguraci\u00f3n del Nacimiento Monumental en el Jard\u00edn Zenea,&nbsp;<\/p>\n\n\n\n<p>Adem\u00e1s se prepara el tradicional desfile de Carros B\u00edblicos y la Cabalgata, que tendr\u00e1n lugar este 23 y 24 de diciembre en el Centro Hist\u00f3rico de la capital queretana.<\/p>\n\n\n\n<figure class=\"wp-block-image size-large is-resized\"><img loading=\"lazy\" decoding=\"async\" src=\"https:\/\/a3noticias.com.mx\/sandbox\/wp-content\/uploads\/2021\/11\/IMG-20211121-WA0025-1024x768-2-120x90.jpeg\" alt=\"\" class=\"wp-image-17058\" width=\"628\" height=\"471\" srcset=\"https:\/\/a3noticias.com.mx\/sandbox\/wp-content\/uploads\/2021\/11\/IMG-20211121-WA0025-1024x768-2-120x90.jpeg 120w, https:\/\/a3noticias.com.mx\/sandbox\/wp-content\/uploads\/2021\/11\/IMG-20211121-WA0025-1024x768-2-300x225.jpeg 300w, https:\/\/a3noticias.com.mx\/sandbox\/wp-content\/uploads\/2021\/11\/IMG-20211121-WA0025-1024x768-2-768x576.jpeg 768w, https:\/\/a3noticias.com.mx\/sandbox\/wp-content\/uploads\/2021\/11\/IMG-20211121-WA0025-1024x768-2.jpeg 1024w\" sizes=\"auto, (max-width: 628px) 100vw, 628px\" \/><\/figure>\n\n\n\n<figure class=\"wp-block-image size-large is-resized\"><img loading=\"lazy\" decoding=\"async\" src=\"https:\/\/a3noticias.com.mx\/sandbox\/wp-content\/uploads\/2021\/11\/LOC2111THVCARRO-3-135x90.jpeg\" alt=\"\" class=\"wp-image-17059\" width=\"632\" height=\"421\" srcset=\"https:\/\/a3noticias.com.mx\/sandbox\/wp-content\/uploads\/2021\/11\/LOC2111THVCARRO-3-135x90.jpeg 135w, https:\/\/a3noticias.com.mx\/sandbox\/wp-content\/uploads\/2021\/11\/LOC2111THVCARRO-3-300x200.jpeg 300w, https:\/\/a3noticias.com.mx\/sandbox\/wp-content\/uploads\/2021\/11\/LOC2111THVCARRO-3-768x512.jpeg 768w, https:\/\/a3noticias.com.mx\/sandbox\/wp-content\/uploads\/2021\/11\/LOC2111THVCARRO-3-1536x1024.jpeg 1536w, https:\/\/a3noticias.com.mx\/sandbox\/wp-content\/uploads\/2021\/11\/LOC2111THVCARRO-3.jpeg 1599w\" sizes=\"auto, (max-width: 632px) 100vw, 632px\" \/><\/figure>\n","protected":false},"excerpt":{"rendered":"<p>Luego de que en 2020 se suspendieran las tradicionales festividades navide\u00f1as en la entidad a causa de la pandemia, el Patronato de las Fiestas del estado, hizo oficial el inicio &hellip; <a href=\"https:\/\/a3noticias.com.mx\/sandbox\/2021\/11\/22\/arrancan-festividades-navidenas-en-queretaro\/\" class=\"more-link\">Leer m\u00e1s<\/a><\/p>\n","protected":false},"author":4,"featured_media":17057,"comment_status":"open","ping_status":"open","sticky":false,"template":"","format":"standard","meta":{"_monsterinsights_skip_tracking":false,"_monsterinsights_sitenote_active":false,"_monsterinsights_sitenote_note":"","_monsterinsights_sitenote_category":0,"footnotes":""},"categories":[2],"tags":[],"class_list":["post-17054","post","type-post","status-publish","format-standard","has-post-thumbnail","hentry","category-qro","entry"],"aioseo_notices":[],"_links":{"self":[{"href":"https:\/\/a3noticias.com.mx\/sandbox\/wp-json\/wp\/v2\/posts\/17054","targetHints":{"allow":["GET"]}}],"collection":[{"href":"https:\/\/a3noticias.com.mx\/sandbox\/wp-json\/wp\/v2\/posts"}],"about":[{"href":"https:\/\/a3noticias.com.mx\/sandbox\/wp-json\/wp\/v2\/types\/post"}],"author":[{"embeddable":true,"href":"https:\/\/a3noticias.com.mx\/sandbox\/wp-json\/wp\/v2\/users\/4"}],"replies":[{"embeddable":true,"href":"https:\/\/a3noticias.com.mx\/sandbox\/wp-json\/wp\/v2\/comments?post=17054"}],"version-history":[{"count":2,"href":"https:\/\/a3noticias.com.mx\/sandbox\/wp-json\/wp\/v2\/posts\/17054\/revisions"}],"predecessor-version":[{"id":17060,"href":"https:\/\/a3noticias.com.mx\/sandbox\/wp-json\/wp\/v2\/posts\/17054\/revisions\/17060"}],"wp:featuredmedia":[{"embeddable":true,"href":"https:\/\/a3noticias.com.mx\/sandbox\/wp-json\/wp\/v2\/media\/17057"}],"wp:attachment":[{"href":"https:\/\/a3noticias.com.mx\/sandbox\/wp-json\/wp\/v2\/media?parent=17054"}],"wp:term":[{"taxonomy":"category","embeddable":true,"href":"https:\/\/a3noticias.com.mx\/sandbox\/wp-json\/wp\/v2\/categories?post=17054"},{"taxonomy":"post_tag","embeddable":true,"href":"https:\/\/a3noticias.com.mx\/sandbox\/wp-json\/wp\/v2\/tags?post=17054"}],"curies":[{"name":"wp","href":"https:\/\/api.w.org\/{rel}","templated":true}]}}