{"id":17065,"date":"2021-11-22T11:05:50","date_gmt":"2021-11-22T17:05:50","guid":{"rendered":"https:\/\/a3noticias.com.mx\/sandbox\/?p=17065"},"modified":"2021-11-22T11:05:53","modified_gmt":"2021-11-22T17:05:53","slug":"datos-curiosos-sobre-la-musica-mexicana-que-desconocias","status":"publish","type":"post","link":"https:\/\/a3noticias.com.mx\/sandbox\/2021\/11\/22\/datos-curiosos-sobre-la-musica-mexicana-que-desconocias\/","title":{"rendered":"Datos curiosos sobre la m\u00fasica mexicana que desconoc\u00edas"},"content":{"rendered":"\n<p>M\u00e9xico cuenta con una gran variedad de riqueza cultural, una de las m\u00e1s destacadas es la m\u00fasica, pues a lo largo de la historia, nuestro pa\u00eds ha sido cuna de grandes int\u00e9rpretes, cantautores y compositores reconocidos a nivel mundial. Por lo que, este d\u00eda del m\u00fasico te contaremos algunos datos curiosos de la m\u00fasica mexicana.<\/p>\n\n\n\n<p><strong>El primer largometraje mexicano sonorizado fue en 1931<\/strong><\/p>\n\n\n\n<p>La primera pel\u00edcula de cine mexicana sonorizada fue el largometraje \u201cSanta\u201d, realizada en 1931 y estrenada en 1932, la cual fue la primera pel\u00edcula que llev\u00f3 sonido perfectamente sincr\u00f3nico a la imagen convirtiendo a M\u00e9xico en el primer pa\u00eds en Latinoam\u00e9rica y habla hispana en filmar un largometraje sonoro con el sistema \u00f3ptico Rodr\u00edguez Sound Recording System, el sistema sonoro mexicano de Joselito Rodr\u00edguez, pues antes de esto, las pel\u00edculas eran filmadas en rollos sin sonido y al momento de proyectarse se les sincronizaba con discos Vitaphone, los cuales conten\u00edan la pista sonora.<\/p>\n\n\n\n<p><strong>El mayor musicalizado del cine de oro mexicano<\/strong><\/p>\n\n\n\n<p>Manuel Esper\u00f3n, m\u00fasico y compositor mexicano, es considerado el mayor musicalizador en la historia del cine mexicano, pues escribi\u00f3 m\u00fasica para mas de 500 pel\u00edculas hoy consideradas grandes cl\u00e1sicos de la \u00e9poca de oro de la cinematograf\u00eda nacional. Incluso, en vida se atribu\u00eda a s\u00ed mismo el \u00e9xito del fallecido Pedro Infante, pues narr\u00f3 que descubri\u00f3 al int\u00e9rprete de \u201camorcito coraz\u00f3n\u201d cuando a\u00fan no era famoso y le ense\u00f1\u00f3 t\u00e9cnicas que lo llevaron al \u00e9xito.<\/p>\n\n\n\n<p><strong>Origen de la canci\u00f3n \u201cCielito Lindo\u201d<\/strong><\/p>\n\n\n\n<p>Todos los mexicanos hemos escuchado alguna vez en nuestras vidas la canci\u00f3n \u201cCielito Lindo\u201d y la hemos tarareado durante alg\u00fan partido de futbol celebrado en alguna otra parte del mundo o durante las fiestas patrias, sin embargo, muchos desconocen su origen.&nbsp;<\/p>\n\n\n\n<p>La canci\u00f3n fue escrita en 1882 por Quirino Mendoza y Cort\u00e9s y tuvo un repunte a ra\u00edz de la pel\u00edcula \u201cLos tres Garc\u00eda\u201d que ubic\u00f3 a la canci\u00f3n como un referente del hombre mexicano. Luego de esto, en 1998 se enton\u00f3 en las gradas de un partido de la Copa Mundial de Futbol en Francia en apoyo a la selecci\u00f3n de futbol mexicana, desde ese momento es com\u00fan escucharla por parte de mexicanos en el extranjero en m\u00faltiples eventos deportivos.&nbsp;<\/p>\n\n\n\n<p><strong>Juan Gabriel fue uno de los artistas mexicanos que m\u00e1s discos vendi\u00f3<\/strong><\/p>\n\n\n\n<p>El famoso cantante Juan Gabriel, sac\u00f3 al mercado en los 80\u00b4s uno de los discos m\u00e1s vendidos de la historia a nivel nacional. El \u00e1lbum \u201cRecuerdos II\u201d, del a\u00f1o 1984, vendi\u00f3 s\u00f3lo en M\u00e9xico m\u00e1s de 16 millones de copias. En vida, el cantautor vendi\u00f3 m\u00e1s de 150 millones de discos.<\/p>\n","protected":false},"excerpt":{"rendered":"<p>M\u00e9xico cuenta con una gran variedad de riqueza cultural, una de las m\u00e1s destacadas es la m\u00fasica, pues a lo largo de la historia, nuestro pa\u00eds ha sido cuna de &hellip; <a href=\"https:\/\/a3noticias.com.mx\/sandbox\/2021\/11\/22\/datos-curiosos-sobre-la-musica-mexicana-que-desconocias\/\" class=\"more-link\">Leer m\u00e1s<\/a><\/p>\n","protected":false},"author":4,"featured_media":17066,"comment_status":"open","ping_status":"open","sticky":false,"template":"","format":"standard","meta":{"_monsterinsights_skip_tracking":false,"_monsterinsights_sitenote_active":false,"_monsterinsights_sitenote_note":"","_monsterinsights_sitenote_category":0,"footnotes":""},"categories":[9],"tags":[],"class_list":["post-17065","post","type-post","status-publish","format-standard","has-post-thumbnail","hentry","category-cultura","entry"],"aioseo_notices":[],"_links":{"self":[{"href":"https:\/\/a3noticias.com.mx\/sandbox\/wp-json\/wp\/v2\/posts\/17065","targetHints":{"allow":["GET"]}}],"collection":[{"href":"https:\/\/a3noticias.com.mx\/sandbox\/wp-json\/wp\/v2\/posts"}],"about":[{"href":"https:\/\/a3noticias.com.mx\/sandbox\/wp-json\/wp\/v2\/types\/post"}],"author":[{"embeddable":true,"href":"https:\/\/a3noticias.com.mx\/sandbox\/wp-json\/wp\/v2\/users\/4"}],"replies":[{"embeddable":true,"href":"https:\/\/a3noticias.com.mx\/sandbox\/wp-json\/wp\/v2\/comments?post=17065"}],"version-history":[{"count":1,"href":"https:\/\/a3noticias.com.mx\/sandbox\/wp-json\/wp\/v2\/posts\/17065\/revisions"}],"predecessor-version":[{"id":17067,"href":"https:\/\/a3noticias.com.mx\/sandbox\/wp-json\/wp\/v2\/posts\/17065\/revisions\/17067"}],"wp:featuredmedia":[{"embeddable":true,"href":"https:\/\/a3noticias.com.mx\/sandbox\/wp-json\/wp\/v2\/media\/17066"}],"wp:attachment":[{"href":"https:\/\/a3noticias.com.mx\/sandbox\/wp-json\/wp\/v2\/media?parent=17065"}],"wp:term":[{"taxonomy":"category","embeddable":true,"href":"https:\/\/a3noticias.com.mx\/sandbox\/wp-json\/wp\/v2\/categories?post=17065"},{"taxonomy":"post_tag","embeddable":true,"href":"https:\/\/a3noticias.com.mx\/sandbox\/wp-json\/wp\/v2\/tags?post=17065"}],"curies":[{"name":"wp","href":"https:\/\/api.w.org\/{rel}","templated":true}]}}