{"id":17082,"date":"2021-11-22T16:50:53","date_gmt":"2021-11-22T22:50:53","guid":{"rendered":"https:\/\/a3noticias.com.mx\/sandbox\/?p=17082"},"modified":"2021-11-22T16:50:56","modified_gmt":"2021-11-22T22:50:56","slug":"gobernador-de-queretaro-busca-solucionar-problematica-de-carretera-57","status":"publish","type":"post","link":"https:\/\/a3noticias.com.mx\/sandbox\/2021\/11\/22\/gobernador-de-queretaro-busca-solucionar-problematica-de-carretera-57\/","title":{"rendered":"Gobernador de Quer\u00e9taro busca solucionar problem\u00e1tica de carretera 57."},"content":{"rendered":"\n<p>El gobernador del estado, Mauricio Kuri Gonz\u00e1lez, hizo un llamado a diputados federales de hacer llegar a la Federaci\u00f3n la problem\u00e1tica de la carretera 57, pues desde el tramo de la caseta de Palmillas a la capital queretana se han registrado gran cantidad de accidentes en los que se ha cobrado la vida de varias personas, adem\u00e1s de intenso tr\u00e1fico.&nbsp;<\/p>\n\n\n\n<blockquote class=\"wp-block-quote is-layout-flow wp-block-quote-is-layout-flow\"><p>\u201cLleva m\u00e1s de 30 a\u00f1os las reparaciones es incre\u00edble que tenga una gran cantidad de accidentes, est\u00e1 sobre rebasada la 57, por supuesto que ha sido parte fundamental que les he pedido a los diputados federales, que nos ayuden a decirle a la federaci\u00f3n que esto ya es imposible transitarla\u201d<\/p><\/blockquote>\n\n\n\n<p>Dichas reparaciones se han presentado en ambos sentidos lo que provoca largas filas, inconformidad por parte de los usuarios adem\u00e1s de grandes inversiones hechas por&nbsp; diferentes gobiernos de distintos partidos pol\u00edticos.<\/p>\n\n\n\n<p>En el tramo de San Juan del R\u00edo-Pedro Escobedo se han atendido 250 accidentes en lo que va del a\u00f1o por parte de Bomberos Voluntarios de San Juan del R\u00edo, as\u00ed lo dio a conocer el mandatario estatal.<\/p>\n","protected":false},"excerpt":{"rendered":"<p>El gobernador del estado, Mauricio Kuri Gonz\u00e1lez, hizo un llamado a diputados federales de hacer llegar a la Federaci\u00f3n la problem\u00e1tica de la carretera 57, pues desde el tramo de &hellip; <a href=\"https:\/\/a3noticias.com.mx\/sandbox\/2021\/11\/22\/gobernador-de-queretaro-busca-solucionar-problematica-de-carretera-57\/\" class=\"more-link\">Leer m\u00e1s<\/a><\/p>\n","protected":false},"author":2,"featured_media":17083,"comment_status":"open","ping_status":"open","sticky":false,"template":"","format":"standard","meta":{"_monsterinsights_skip_tracking":false,"_monsterinsights_sitenote_active":false,"_monsterinsights_sitenote_note":"","_monsterinsights_sitenote_category":0,"footnotes":""},"categories":[2],"tags":[],"class_list":["post-17082","post","type-post","status-publish","format-standard","has-post-thumbnail","hentry","category-qro","entry"],"aioseo_notices":[],"_links":{"self":[{"href":"https:\/\/a3noticias.com.mx\/sandbox\/wp-json\/wp\/v2\/posts\/17082","targetHints":{"allow":["GET"]}}],"collection":[{"href":"https:\/\/a3noticias.com.mx\/sandbox\/wp-json\/wp\/v2\/posts"}],"about":[{"href":"https:\/\/a3noticias.com.mx\/sandbox\/wp-json\/wp\/v2\/types\/post"}],"author":[{"embeddable":true,"href":"https:\/\/a3noticias.com.mx\/sandbox\/wp-json\/wp\/v2\/users\/2"}],"replies":[{"embeddable":true,"href":"https:\/\/a3noticias.com.mx\/sandbox\/wp-json\/wp\/v2\/comments?post=17082"}],"version-history":[{"count":1,"href":"https:\/\/a3noticias.com.mx\/sandbox\/wp-json\/wp\/v2\/posts\/17082\/revisions"}],"predecessor-version":[{"id":17084,"href":"https:\/\/a3noticias.com.mx\/sandbox\/wp-json\/wp\/v2\/posts\/17082\/revisions\/17084"}],"wp:featuredmedia":[{"embeddable":true,"href":"https:\/\/a3noticias.com.mx\/sandbox\/wp-json\/wp\/v2\/media\/17083"}],"wp:attachment":[{"href":"https:\/\/a3noticias.com.mx\/sandbox\/wp-json\/wp\/v2\/media?parent=17082"}],"wp:term":[{"taxonomy":"category","embeddable":true,"href":"https:\/\/a3noticias.com.mx\/sandbox\/wp-json\/wp\/v2\/categories?post=17082"},{"taxonomy":"post_tag","embeddable":true,"href":"https:\/\/a3noticias.com.mx\/sandbox\/wp-json\/wp\/v2\/tags?post=17082"}],"curies":[{"name":"wp","href":"https:\/\/api.w.org\/{rel}","templated":true}]}}