{"id":17088,"date":"2021-11-23T09:47:51","date_gmt":"2021-11-23T15:47:51","guid":{"rendered":"https:\/\/a3noticias.com.mx\/sandbox\/?p=17088"},"modified":"2021-11-23T09:47:53","modified_gmt":"2021-11-23T15:47:53","slug":"decreto-sobre-proyectos-obras-prioritarias-es-para-agilizar-tramites","status":"publish","type":"post","link":"https:\/\/a3noticias.com.mx\/sandbox\/2021\/11\/23\/decreto-sobre-proyectos-obras-prioritarias-es-para-agilizar-tramites\/","title":{"rendered":"Decreto sobre proyectos obras prioritarias es para agilizar tr\u00e1mites."},"content":{"rendered":"\n<p>El presidente de M\u00e9xico, Andr\u00e9s Manuel L\u00f3pez Obrador, asegur\u00f3 que el decreto para que las obras y megaproyectos del Gobierno Federal se consideren como un asunto de seguridad nacional es un acuerdo para agilizar tr\u00e1mites y no se detenga la construcci\u00f3n de las obras.<\/p>\n\n\n\n<blockquote class=\"wp-block-quote is-layout-flow wp-block-quote-is-layout-flow\"><p>\u00a0\u201cEs un acuerdo para agilizar tr\u00e1mites y que por los tr\u00e1mites burocr\u00e1ticos no se detengan las obras, que se pueda dar la confianza a las instituciones y a las empresas que est\u00e1n trabajando en el Tren Maya\u201d.<\/p><\/blockquote>\n\n\n\n<p>Explic\u00f3 que el decreto dar\u00e1 confianza a las instituciones y empresas que est\u00e1n trabajando en el Tren Maya, pues los tr\u00e1mites para realizar las obras ser\u00e1n m\u00e1s expeditos y se presentar\u00e1 con tiempo toda la documentaci\u00f3n.<\/p>\n\n\n\n<blockquote class=\"wp-block-quote is-layout-flow wp-block-quote-is-layout-flow\"><p>\u201cPara que los tr\u00e1mites que tienen que hacer para la realizaci\u00f3n de las obras sean m\u00e1s expeditos y que se les d\u00e9 tambi\u00e9n tiempo para presentar toda la documentaci\u00f3n\u201d<\/p><\/blockquote>\n\n\n\n<p>Adem\u00e1s, agreg\u00f3 que las empresas y las dependencias del gobierno federal est\u00e1n regidas por principios de protecci\u00f3n al medio ambiente, de justicia, de honestidad y, por ello, se le tienen que dar facilidades y confianza a las dependencias con \u201cun acuerdo interno de dependencias\u201d.<\/p>\n\n\n\n<p>Dicho decreto fue publicado el lunes en la edici\u00f3n vespertina del Diario Oficial de la Federaci\u00f3n (DOF) y, de acuerdo con el mandatario federal, son de \u201cinter\u00e9s p\u00fablico y de seguridad nacional\u201d la realizaci\u00f3n de proyectos y obras a cargo del gobierno de M\u00e9xico que por sus caracter\u00edsticas, naturaleza, complejidad y magnitud se consideren \u201cprioritarios y\/o estrat\u00e9gicos para el desarrollo nacional\u201d.<\/p>\n","protected":false},"excerpt":{"rendered":"<p>El presidente de M\u00e9xico, Andr\u00e9s Manuel L\u00f3pez Obrador, asegur\u00f3 que el decreto para que las obras y megaproyectos del Gobierno Federal se consideren como un asunto de seguridad nacional es &hellip; <a href=\"https:\/\/a3noticias.com.mx\/sandbox\/2021\/11\/23\/decreto-sobre-proyectos-obras-prioritarias-es-para-agilizar-tramites\/\" class=\"more-link\">Leer m\u00e1s<\/a><\/p>\n","protected":false},"author":2,"featured_media":17089,"comment_status":"open","ping_status":"open","sticky":false,"template":"","format":"standard","meta":{"_monsterinsights_skip_tracking":false,"_monsterinsights_sitenote_active":false,"_monsterinsights_sitenote_note":"","_monsterinsights_sitenote_category":0,"footnotes":""},"categories":[3],"tags":[],"class_list":["post-17088","post","type-post","status-publish","format-standard","has-post-thumbnail","hentry","category-nal","entry"],"aioseo_notices":[],"_links":{"self":[{"href":"https:\/\/a3noticias.com.mx\/sandbox\/wp-json\/wp\/v2\/posts\/17088","targetHints":{"allow":["GET"]}}],"collection":[{"href":"https:\/\/a3noticias.com.mx\/sandbox\/wp-json\/wp\/v2\/posts"}],"about":[{"href":"https:\/\/a3noticias.com.mx\/sandbox\/wp-json\/wp\/v2\/types\/post"}],"author":[{"embeddable":true,"href":"https:\/\/a3noticias.com.mx\/sandbox\/wp-json\/wp\/v2\/users\/2"}],"replies":[{"embeddable":true,"href":"https:\/\/a3noticias.com.mx\/sandbox\/wp-json\/wp\/v2\/comments?post=17088"}],"version-history":[{"count":1,"href":"https:\/\/a3noticias.com.mx\/sandbox\/wp-json\/wp\/v2\/posts\/17088\/revisions"}],"predecessor-version":[{"id":17090,"href":"https:\/\/a3noticias.com.mx\/sandbox\/wp-json\/wp\/v2\/posts\/17088\/revisions\/17090"}],"wp:featuredmedia":[{"embeddable":true,"href":"https:\/\/a3noticias.com.mx\/sandbox\/wp-json\/wp\/v2\/media\/17089"}],"wp:attachment":[{"href":"https:\/\/a3noticias.com.mx\/sandbox\/wp-json\/wp\/v2\/media?parent=17088"}],"wp:term":[{"taxonomy":"category","embeddable":true,"href":"https:\/\/a3noticias.com.mx\/sandbox\/wp-json\/wp\/v2\/categories?post=17088"},{"taxonomy":"post_tag","embeddable":true,"href":"https:\/\/a3noticias.com.mx\/sandbox\/wp-json\/wp\/v2\/tags?post=17088"}],"curies":[{"name":"wp","href":"https:\/\/api.w.org\/{rel}","templated":true}]}}