{"id":17091,"date":"2021-11-23T10:01:11","date_gmt":"2021-11-23T16:01:11","guid":{"rendered":"https:\/\/a3noticias.com.mx\/sandbox\/?p=17091"},"modified":"2021-11-23T10:01:20","modified_gmt":"2021-11-23T16:01:20","slug":"uteq-contara-con-centro-de-idioma-y-cultura-coreana","status":"publish","type":"post","link":"https:\/\/a3noticias.com.mx\/sandbox\/2021\/11\/23\/uteq-contara-con-centro-de-idioma-y-cultura-coreana\/","title":{"rendered":"UTEQ Contar\u00e1 con centro de idioma y Cultura Coreana"},"content":{"rendered":"\n<p>La Universidad Tecnol\u00f3gica de Quer\u00e9taro (UTEQ), prev\u00e9 instalar un Centro de Idioma y Cultura coreana en su campus, con el fin de reforzar lazos educativos y econ\u00f3micos con el pa\u00eds asi\u00e1tico.<\/p>\n\n\n\n<p>La noticia la dio a conocer el rector de la UTEQ, Jos\u00e9 Carlos Arredondo V\u00e1zquez, quien tras reunirse con el&nbsp; director de Asuntos Internacionales de la Universidad Aut\u00f3noma de Nayarit, Yun Sang Cheol, acordaron colaborar en conjunto para la instalaci\u00f3n de este Centro en Quer\u00e9taro.<\/p>\n\n\n\n<blockquote class=\"wp-block-quote is-layout-flow wp-block-quote-is-layout-flow\"><p>\u201cLa estrategia de Corea, manifestada por su embajador, es que quieren ver fuertemente en el desarrollo econ\u00f3mico a Latinoam\u00e9rica y han manifestado que quieren hacer una gran alianza con M\u00e9xico y concretamente una de sus prioridades es Quer\u00e9taro\u201d, detall\u00f3 Arredondo V\u00e1zquez.<\/p><\/blockquote>\n\n\n\n<p>Dicho proyecto acordaron, se llevar\u00e1 a cabo desde el mismo Centro de Idiomas de la UTEQ, donde se brindar\u00e1 un espacio destinado espec\u00edficamente para este fin.<\/p>\n\n\n\n<p>El rector de la UTEQ destac\u00f3 la importancia de este proyecto en cuanto a relaciones comerciales con Corea, as\u00ed como para la comunidad estudiantil en Quer\u00e9taro.<\/p>\n\n\n\n<p>Por su parte, Yun Sang Cheol, reconoci\u00f3 el alto nivel que posee la Universidad en cuanto a instalaciones, investigadores y personal docente; adem\u00e1s asent\u00f3 que esta colaboraci\u00f3n es de gran relevancia para ambos pa\u00edses y que tendr\u00e1 muy buenos resultados en Quer\u00e9taro pues destac\u00f3 que aqu\u00ed \u201ctienen todo: industria (\u2026) aqu\u00ed hay mercado y hay necesidades\u201d.<\/p>\n","protected":false},"excerpt":{"rendered":"<p>La Universidad Tecnol\u00f3gica de Quer\u00e9taro (UTEQ), prev\u00e9 instalar un Centro de Idioma y Cultura coreana en su campus, con el fin de reforzar lazos educativos y econ\u00f3micos con el pa\u00eds &hellip; <a href=\"https:\/\/a3noticias.com.mx\/sandbox\/2021\/11\/23\/uteq-contara-con-centro-de-idioma-y-cultura-coreana\/\" class=\"more-link\">Leer m\u00e1s<\/a><\/p>\n","protected":false},"author":4,"featured_media":17092,"comment_status":"open","ping_status":"open","sticky":false,"template":"","format":"standard","meta":{"_monsterinsights_skip_tracking":false,"_monsterinsights_sitenote_active":false,"_monsterinsights_sitenote_note":"","_monsterinsights_sitenote_category":0,"footnotes":""},"categories":[2],"tags":[],"class_list":["post-17091","post","type-post","status-publish","format-standard","has-post-thumbnail","hentry","category-qro","entry"],"aioseo_notices":[],"_links":{"self":[{"href":"https:\/\/a3noticias.com.mx\/sandbox\/wp-json\/wp\/v2\/posts\/17091","targetHints":{"allow":["GET"]}}],"collection":[{"href":"https:\/\/a3noticias.com.mx\/sandbox\/wp-json\/wp\/v2\/posts"}],"about":[{"href":"https:\/\/a3noticias.com.mx\/sandbox\/wp-json\/wp\/v2\/types\/post"}],"author":[{"embeddable":true,"href":"https:\/\/a3noticias.com.mx\/sandbox\/wp-json\/wp\/v2\/users\/4"}],"replies":[{"embeddable":true,"href":"https:\/\/a3noticias.com.mx\/sandbox\/wp-json\/wp\/v2\/comments?post=17091"}],"version-history":[{"count":1,"href":"https:\/\/a3noticias.com.mx\/sandbox\/wp-json\/wp\/v2\/posts\/17091\/revisions"}],"predecessor-version":[{"id":17093,"href":"https:\/\/a3noticias.com.mx\/sandbox\/wp-json\/wp\/v2\/posts\/17091\/revisions\/17093"}],"wp:featuredmedia":[{"embeddable":true,"href":"https:\/\/a3noticias.com.mx\/sandbox\/wp-json\/wp\/v2\/media\/17092"}],"wp:attachment":[{"href":"https:\/\/a3noticias.com.mx\/sandbox\/wp-json\/wp\/v2\/media?parent=17091"}],"wp:term":[{"taxonomy":"category","embeddable":true,"href":"https:\/\/a3noticias.com.mx\/sandbox\/wp-json\/wp\/v2\/categories?post=17091"},{"taxonomy":"post_tag","embeddable":true,"href":"https:\/\/a3noticias.com.mx\/sandbox\/wp-json\/wp\/v2\/tags?post=17091"}],"curies":[{"name":"wp","href":"https:\/\/api.w.org\/{rel}","templated":true}]}}