{"id":17094,"date":"2021-11-23T10:21:45","date_gmt":"2021-11-23T16:21:45","guid":{"rendered":"https:\/\/a3noticias.com.mx\/sandbox\/?p=17094"},"modified":"2021-11-23T10:21:48","modified_gmt":"2021-11-23T16:21:48","slug":"subsecretaria-de-derechos-humanos-ya-cuenta-con-presupuesto-y-personal","status":"publish","type":"post","link":"https:\/\/a3noticias.com.mx\/sandbox\/2021\/11\/23\/subsecretaria-de-derechos-humanos-ya-cuenta-con-presupuesto-y-personal\/","title":{"rendered":"Subsecretar\u00eda de Derechos Humanos ya cuenta con presupuesto y personal"},"content":{"rendered":"\n<p>De acuerdo con la secretaria de Gobierno, Guadalupe Murgu\u00eda, la Subsecretar\u00eda de Derechos Humanos ya cuenta con presupuesto y personal para comenzar a operar a partir de este a\u00f1o. Asimismo se\u00f1al\u00f3 que previo a la constituci\u00f3n de la dependencia se realiz\u00f3 un ajuste de sueldos y de personal.&nbsp;<\/p>\n\n\n\n<blockquote class=\"wp-block-quote is-layout-flow wp-block-quote-is-layout-flow\"><p>\u201cCon el mismo presupuesto que ten\u00eda Secretar\u00eda de Gobierno pudiera integrarse el equipo operativo de la Subsecretar\u00eda (&#8230;) lo cual no implica que se requiera nuevo presupuesto, simplemente se cambiaron de adscripci\u00f3n y estamos trabajando en eso\u201d<\/p><\/blockquote>\n\n\n\n<p>Apunt\u00f3 que con dichos ajustes realizados en diversas \u00e1reas salen los sueldos del personal adscrito a la Subsecretr\u00eda de Derechos Humanos.&nbsp;<\/p>\n","protected":false},"excerpt":{"rendered":"<p>De acuerdo con la secretaria de Gobierno, Guadalupe Murgu\u00eda, la Subsecretar\u00eda de Derechos Humanos ya cuenta con presupuesto y personal para comenzar a operar a partir de este a\u00f1o. Asimismo &hellip; <a href=\"https:\/\/a3noticias.com.mx\/sandbox\/2021\/11\/23\/subsecretaria-de-derechos-humanos-ya-cuenta-con-presupuesto-y-personal\/\" class=\"more-link\">Leer m\u00e1s<\/a><\/p>\n","protected":false},"author":2,"featured_media":17095,"comment_status":"open","ping_status":"open","sticky":false,"template":"","format":"standard","meta":{"_monsterinsights_skip_tracking":false,"_monsterinsights_sitenote_active":false,"_monsterinsights_sitenote_note":"","_monsterinsights_sitenote_category":0,"footnotes":""},"categories":[2],"tags":[],"class_list":["post-17094","post","type-post","status-publish","format-standard","has-post-thumbnail","hentry","category-qro","entry"],"aioseo_notices":[],"_links":{"self":[{"href":"https:\/\/a3noticias.com.mx\/sandbox\/wp-json\/wp\/v2\/posts\/17094","targetHints":{"allow":["GET"]}}],"collection":[{"href":"https:\/\/a3noticias.com.mx\/sandbox\/wp-json\/wp\/v2\/posts"}],"about":[{"href":"https:\/\/a3noticias.com.mx\/sandbox\/wp-json\/wp\/v2\/types\/post"}],"author":[{"embeddable":true,"href":"https:\/\/a3noticias.com.mx\/sandbox\/wp-json\/wp\/v2\/users\/2"}],"replies":[{"embeddable":true,"href":"https:\/\/a3noticias.com.mx\/sandbox\/wp-json\/wp\/v2\/comments?post=17094"}],"version-history":[{"count":1,"href":"https:\/\/a3noticias.com.mx\/sandbox\/wp-json\/wp\/v2\/posts\/17094\/revisions"}],"predecessor-version":[{"id":17096,"href":"https:\/\/a3noticias.com.mx\/sandbox\/wp-json\/wp\/v2\/posts\/17094\/revisions\/17096"}],"wp:featuredmedia":[{"embeddable":true,"href":"https:\/\/a3noticias.com.mx\/sandbox\/wp-json\/wp\/v2\/media\/17095"}],"wp:attachment":[{"href":"https:\/\/a3noticias.com.mx\/sandbox\/wp-json\/wp\/v2\/media?parent=17094"}],"wp:term":[{"taxonomy":"category","embeddable":true,"href":"https:\/\/a3noticias.com.mx\/sandbox\/wp-json\/wp\/v2\/categories?post=17094"},{"taxonomy":"post_tag","embeddable":true,"href":"https:\/\/a3noticias.com.mx\/sandbox\/wp-json\/wp\/v2\/tags?post=17094"}],"curies":[{"name":"wp","href":"https:\/\/api.w.org\/{rel}","templated":true}]}}