{"id":17109,"date":"2021-11-23T13:09:23","date_gmt":"2021-11-23T19:09:23","guid":{"rendered":"https:\/\/a3noticias.com.mx\/sandbox\/?p=17109"},"modified":"2021-11-23T13:09:26","modified_gmt":"2021-11-23T19:09:26","slug":"canaco-queretaro-preve-aumento-del-20-en-ventas-en-temporada-navidena","status":"publish","type":"post","link":"https:\/\/a3noticias.com.mx\/sandbox\/2021\/11\/23\/canaco-queretaro-preve-aumento-del-20-en-ventas-en-temporada-navidena\/","title":{"rendered":"Canaco Quer\u00e9taro prev\u00e9 aumento del 20% en ventas en temporada navide\u00f1a."},"content":{"rendered":"\n<p>El presidente de la C\u00e1mara Nacional de Comercio (Canaco) en Quer\u00e9taro, Fabi\u00e1n Camacho Arredondo, apunt\u00f3 que por temporada navide\u00f1a, las ventas en el estado podr\u00edan crecer hasta en un 20 por ciento, beneficiando principalmente a sectores particulares de venta de art\u00edculos navide\u00f1os, tecnolog\u00eda, abarrotes y tiendas departamentales.<\/p>\n\n\n\n<blockquote class=\"wp-block-quote is-layout-flow wp-block-quote-is-layout-flow\"><p>\u201cReconocemos que podr\u00e1 haber un incremento de ventas de hasta un 20% en algunos sectores. Es respecto a una temporada normal, el dato que tenemos, todav\u00eda no tenemos el pron\u00f3stico de derrama\u201d\u00a0<\/p><\/blockquote>\n\n\n\n<p>Pese a que hasta el momento momento no se tiene prevista una derrama econ\u00f3mica ante el cierre de a\u00f1o y sus festividades, el titular de Canaco apunt\u00f3 que se buscar\u00e1 incentivar el consumo descentralizado, es decir, que en este movimiento comercial no s\u00f3lo se vean beneficiados los grandes comercios sino tambi\u00e9n los negocios que forman parte de la vida cotidiana en colonias, barrios o centros de vivienda.<\/p>\n","protected":false},"excerpt":{"rendered":"<p>El presidente de la C\u00e1mara Nacional de Comercio (Canaco) en Quer\u00e9taro, Fabi\u00e1n Camacho Arredondo, apunt\u00f3 que por temporada navide\u00f1a, las ventas en el estado podr\u00edan crecer hasta en un 20 &hellip; <a href=\"https:\/\/a3noticias.com.mx\/sandbox\/2021\/11\/23\/canaco-queretaro-preve-aumento-del-20-en-ventas-en-temporada-navidena\/\" class=\"more-link\">Leer m\u00e1s<\/a><\/p>\n","protected":false},"author":2,"featured_media":17110,"comment_status":"open","ping_status":"open","sticky":false,"template":"","format":"standard","meta":{"_monsterinsights_skip_tracking":false,"_monsterinsights_sitenote_active":false,"_monsterinsights_sitenote_note":"","_monsterinsights_sitenote_category":0,"footnotes":""},"categories":[2],"tags":[],"class_list":["post-17109","post","type-post","status-publish","format-standard","has-post-thumbnail","hentry","category-qro","entry"],"aioseo_notices":[],"_links":{"self":[{"href":"https:\/\/a3noticias.com.mx\/sandbox\/wp-json\/wp\/v2\/posts\/17109","targetHints":{"allow":["GET"]}}],"collection":[{"href":"https:\/\/a3noticias.com.mx\/sandbox\/wp-json\/wp\/v2\/posts"}],"about":[{"href":"https:\/\/a3noticias.com.mx\/sandbox\/wp-json\/wp\/v2\/types\/post"}],"author":[{"embeddable":true,"href":"https:\/\/a3noticias.com.mx\/sandbox\/wp-json\/wp\/v2\/users\/2"}],"replies":[{"embeddable":true,"href":"https:\/\/a3noticias.com.mx\/sandbox\/wp-json\/wp\/v2\/comments?post=17109"}],"version-history":[{"count":1,"href":"https:\/\/a3noticias.com.mx\/sandbox\/wp-json\/wp\/v2\/posts\/17109\/revisions"}],"predecessor-version":[{"id":17111,"href":"https:\/\/a3noticias.com.mx\/sandbox\/wp-json\/wp\/v2\/posts\/17109\/revisions\/17111"}],"wp:featuredmedia":[{"embeddable":true,"href":"https:\/\/a3noticias.com.mx\/sandbox\/wp-json\/wp\/v2\/media\/17110"}],"wp:attachment":[{"href":"https:\/\/a3noticias.com.mx\/sandbox\/wp-json\/wp\/v2\/media?parent=17109"}],"wp:term":[{"taxonomy":"category","embeddable":true,"href":"https:\/\/a3noticias.com.mx\/sandbox\/wp-json\/wp\/v2\/categories?post=17109"},{"taxonomy":"post_tag","embeddable":true,"href":"https:\/\/a3noticias.com.mx\/sandbox\/wp-json\/wp\/v2\/tags?post=17109"}],"curies":[{"name":"wp","href":"https:\/\/api.w.org\/{rel}","templated":true}]}}