{"id":17126,"date":"2021-11-24T10:02:00","date_gmt":"2021-11-24T16:02:00","guid":{"rendered":"https:\/\/a3noticias.com.mx\/sandbox\/?p=17126"},"modified":"2021-11-24T10:02:02","modified_gmt":"2021-11-24T16:02:02","slug":"anuncia-gobierno-estatal-aprobacion-de-incremento-en-presupuesto-para-uaq-en-2022","status":"publish","type":"post","link":"https:\/\/a3noticias.com.mx\/sandbox\/2021\/11\/24\/anuncia-gobierno-estatal-aprobacion-de-incremento-en-presupuesto-para-uaq-en-2022\/","title":{"rendered":"Anuncia Gobierno Estatal aprobaci\u00f3n de incremento en presupuesto para UAQ en 2022"},"content":{"rendered":"\n<p>Luego de que a principios de este mes la Universidad Aut\u00f3noma de Quer\u00e9taro solicitara al Gobierno estatal un 13 por ciento de incremento en el presupuesto para el 2022, este mi\u00e9rcoles el Gobernador del Estado, Mauricio Kuri Gonz\u00e1lez, anunci\u00f3 que la solicitud por parte de la M\u00e1xima Casa de estudios, fue aprobada y que se har\u00e1 efectivo dicho aumento.<\/p>\n\n\n\n<blockquote class=\"wp-block-quote is-layout-flow wp-block-quote-is-layout-flow\"><p>\u201cEl conocimiento es la base de la econom\u00eda mundial, de ustedes depender\u00e1 la generaci\u00f3n de la riqueza y el desarrollo del pa\u00eds (\u2026) La educaci\u00f3n no es solo una inversi\u00f3n, es la mejor inversi\u00f3n\u201d, expres\u00f3 el mandatario estatal.<\/p><\/blockquote>\n\n\n\n<p>El Gobernador resalt\u00f3 que se trata de un apoyo \u00fanico y extraordinario consistente en un incremento del 13 por ciento, equivalente a 107 millones de pesos m\u00e1s para la Instituci\u00f3n.<\/p>\n\n\n\n<blockquote class=\"wp-block-quote is-layout-flow wp-block-quote-is-layout-flow\"><p>\u201cCon base en estas convicciones he determinado apoyar con un incremento hist\u00f3rico a nuestro m\u00e1xima casa de estudios, se trata de un apoyo extraordinario por una sola ocasi\u00f3n que est\u00e1 demostrando la voluntad de mi administraci\u00f3n para apoyar a todos los alumnos y acelerar la recuperaci\u00f3n econ\u00f3mica presente y futura de Quer\u00e9taro\u201d, a\u00f1adi\u00f3.<\/p><\/blockquote>\n\n\n\n<p>Detall\u00f3 que esta aci\u00f3n fue posible gracias a las condiciones generadas por el orden, la transparencia y el ahorro que posee el gobierno estatal. Asimismo, declar\u00f3 que el gobierno de Quer\u00e9taro destinar\u00e1 955 millones de pesos para apoyar a la UAQ.<\/p>\n\n\n\n<blockquote class=\"wp-block-quote is-layout-flow wp-block-quote-is-layout-flow\"><p>\u201cQuer\u00e9taro necesita como nunca una generaci\u00f3n de j\u00f3venes que est\u00e9n bien preparados para enfrentar los retos que vienen, la educaci\u00f3n jam\u00e1s volver\u00e1 a ser como antes, por eso debemos ir un paso adelante\u201d, puntualiz\u00f3.<\/p><\/blockquote>\n\n\n\n<p>Por \u00faltimo, Kuri Gonz\u00e1lez refrend\u00f3 su compromiso de reactivar la econom\u00eda del estado, a trav\u00e9s del apoyo a la formaci\u00f3n integral de los j\u00f3venes queretanos.<\/p>\n","protected":false},"excerpt":{"rendered":"<p>Luego de que a principios de este mes la Universidad Aut\u00f3noma de Quer\u00e9taro solicitara al Gobierno estatal un 13 por ciento de incremento en el presupuesto para el 2022, este &hellip; <a href=\"https:\/\/a3noticias.com.mx\/sandbox\/2021\/11\/24\/anuncia-gobierno-estatal-aprobacion-de-incremento-en-presupuesto-para-uaq-en-2022\/\" class=\"more-link\">Leer m\u00e1s<\/a><\/p>\n","protected":false},"author":4,"featured_media":17127,"comment_status":"open","ping_status":"open","sticky":false,"template":"","format":"standard","meta":{"_monsterinsights_skip_tracking":false,"_monsterinsights_sitenote_active":false,"_monsterinsights_sitenote_note":"","_monsterinsights_sitenote_category":0,"footnotes":""},"categories":[2],"tags":[],"class_list":["post-17126","post","type-post","status-publish","format-standard","has-post-thumbnail","hentry","category-qro","entry"],"aioseo_notices":[],"_links":{"self":[{"href":"https:\/\/a3noticias.com.mx\/sandbox\/wp-json\/wp\/v2\/posts\/17126","targetHints":{"allow":["GET"]}}],"collection":[{"href":"https:\/\/a3noticias.com.mx\/sandbox\/wp-json\/wp\/v2\/posts"}],"about":[{"href":"https:\/\/a3noticias.com.mx\/sandbox\/wp-json\/wp\/v2\/types\/post"}],"author":[{"embeddable":true,"href":"https:\/\/a3noticias.com.mx\/sandbox\/wp-json\/wp\/v2\/users\/4"}],"replies":[{"embeddable":true,"href":"https:\/\/a3noticias.com.mx\/sandbox\/wp-json\/wp\/v2\/comments?post=17126"}],"version-history":[{"count":1,"href":"https:\/\/a3noticias.com.mx\/sandbox\/wp-json\/wp\/v2\/posts\/17126\/revisions"}],"predecessor-version":[{"id":17128,"href":"https:\/\/a3noticias.com.mx\/sandbox\/wp-json\/wp\/v2\/posts\/17126\/revisions\/17128"}],"wp:featuredmedia":[{"embeddable":true,"href":"https:\/\/a3noticias.com.mx\/sandbox\/wp-json\/wp\/v2\/media\/17127"}],"wp:attachment":[{"href":"https:\/\/a3noticias.com.mx\/sandbox\/wp-json\/wp\/v2\/media?parent=17126"}],"wp:term":[{"taxonomy":"category","embeddable":true,"href":"https:\/\/a3noticias.com.mx\/sandbox\/wp-json\/wp\/v2\/categories?post=17126"},{"taxonomy":"post_tag","embeddable":true,"href":"https:\/\/a3noticias.com.mx\/sandbox\/wp-json\/wp\/v2\/tags?post=17126"}],"curies":[{"name":"wp","href":"https:\/\/api.w.org\/{rel}","templated":true}]}}