{"id":17129,"date":"2021-11-24T10:22:39","date_gmt":"2021-11-24T16:22:39","guid":{"rendered":"https:\/\/a3noticias.com.mx\/sandbox\/?p=17129"},"modified":"2021-11-24T10:22:43","modified_gmt":"2021-11-24T16:22:43","slug":"sedesu-se-reune-con-representantes-de-navarra-espana-para-generar-colaboracion","status":"publish","type":"post","link":"https:\/\/a3noticias.com.mx\/sandbox\/2021\/11\/24\/sedesu-se-reune-con-representantes-de-navarra-espana-para-generar-colaboracion\/","title":{"rendered":"SEDESU se re\u00fane con representantes de Navarra, Espa\u00f1a para generar colaboraci\u00f3n."},"content":{"rendered":"\n<p>Con la finalidad de generar \u00e1reas de colaboraci\u00f3n entre Quer\u00e9taro y&nbsp; otros pa\u00edses, el titular de la Secretar\u00eda de Desarrollo Sustentable (SEDESU), Marco Antonio del Prete Tercero, sostuvo una reuni\u00f3n con una delegaci\u00f3n de representantes de Navarra, Espa\u00f1a, la cual estuvo encabezada por su consejero de Desarrollo Econ\u00f3mico y Empresarial, Mikel Irujo Amezaga.<\/p>\n\n\n\n<p>En el encuentro abordaron el tema de los sectores estrat\u00e9gicos para ambos lugares, \u00e1reas de inter\u00e9s para colaborar, as\u00ed como las posibilidades de establecer trabajo conjunto que beneficie tanto a nuestro estado como al poblado espa\u00f1ol.<\/p>\n\n\n\n<p>Durante la reuni\u00f3n estuvieron presentes la directora General de Pol\u00edtica de Empresa, Proyecci\u00f3n Internacional y Trabajo, Izaskin Go\u00f1i Razquin; la directora de Servicio de Proyecci\u00f3n Internacional, Miren Aus\u00edn Lecuna; el consejero Econ\u00f3mico y Comercial de la Embajada de Espa\u00f1a en M\u00e9xico, \u00c1lvaro Pastor Escribano, as\u00ed como la coordinadora de Relaciones Internacionales e Innovaci\u00f3n Gubernamental en el estado, Hildegard Frei Nieto, y el subsecretario de Desarrollo Econ\u00f3mico de la SEDESU, Genaro Montes D\u00edaz.<\/p>\n","protected":false},"excerpt":{"rendered":"<p>Con la finalidad de generar \u00e1reas de colaboraci\u00f3n entre Quer\u00e9taro y&nbsp; otros pa\u00edses, el titular de la Secretar\u00eda de Desarrollo Sustentable (SEDESU), Marco Antonio del Prete Tercero, sostuvo una reuni\u00f3n &hellip; <a href=\"https:\/\/a3noticias.com.mx\/sandbox\/2021\/11\/24\/sedesu-se-reune-con-representantes-de-navarra-espana-para-generar-colaboracion\/\" class=\"more-link\">Leer m\u00e1s<\/a><\/p>\n","protected":false},"author":2,"featured_media":17130,"comment_status":"open","ping_status":"open","sticky":false,"template":"","format":"standard","meta":{"_monsterinsights_skip_tracking":false,"_monsterinsights_sitenote_active":false,"_monsterinsights_sitenote_note":"","_monsterinsights_sitenote_category":0,"footnotes":""},"categories":[2],"tags":[],"class_list":["post-17129","post","type-post","status-publish","format-standard","has-post-thumbnail","hentry","category-qro","entry"],"aioseo_notices":[],"_links":{"self":[{"href":"https:\/\/a3noticias.com.mx\/sandbox\/wp-json\/wp\/v2\/posts\/17129","targetHints":{"allow":["GET"]}}],"collection":[{"href":"https:\/\/a3noticias.com.mx\/sandbox\/wp-json\/wp\/v2\/posts"}],"about":[{"href":"https:\/\/a3noticias.com.mx\/sandbox\/wp-json\/wp\/v2\/types\/post"}],"author":[{"embeddable":true,"href":"https:\/\/a3noticias.com.mx\/sandbox\/wp-json\/wp\/v2\/users\/2"}],"replies":[{"embeddable":true,"href":"https:\/\/a3noticias.com.mx\/sandbox\/wp-json\/wp\/v2\/comments?post=17129"}],"version-history":[{"count":1,"href":"https:\/\/a3noticias.com.mx\/sandbox\/wp-json\/wp\/v2\/posts\/17129\/revisions"}],"predecessor-version":[{"id":17131,"href":"https:\/\/a3noticias.com.mx\/sandbox\/wp-json\/wp\/v2\/posts\/17129\/revisions\/17131"}],"wp:featuredmedia":[{"embeddable":true,"href":"https:\/\/a3noticias.com.mx\/sandbox\/wp-json\/wp\/v2\/media\/17130"}],"wp:attachment":[{"href":"https:\/\/a3noticias.com.mx\/sandbox\/wp-json\/wp\/v2\/media?parent=17129"}],"wp:term":[{"taxonomy":"category","embeddable":true,"href":"https:\/\/a3noticias.com.mx\/sandbox\/wp-json\/wp\/v2\/categories?post=17129"},{"taxonomy":"post_tag","embeddable":true,"href":"https:\/\/a3noticias.com.mx\/sandbox\/wp-json\/wp\/v2\/tags?post=17129"}],"curies":[{"name":"wp","href":"https:\/\/api.w.org\/{rel}","templated":true}]}}