{"id":17142,"date":"2021-11-24T11:48:51","date_gmt":"2021-11-24T17:48:51","guid":{"rendered":"https:\/\/a3noticias.com.mx\/sandbox\/?p=17142"},"modified":"2021-11-24T11:48:52","modified_gmt":"2021-11-24T17:48:52","slug":"proyecto-de-segundo-piso-en-queretaro-queda-descartado","status":"publish","type":"post","link":"https:\/\/a3noticias.com.mx\/sandbox\/2021\/11\/24\/proyecto-de-segundo-piso-en-queretaro-queda-descartado\/","title":{"rendered":"Proyecto de segundo piso en Quer\u00e9taro queda descartado."},"content":{"rendered":"\n<p>Luego de llevar a cabo foros ciudadanos, consensos de organizaciones y expertos en materia de movilidad, ecolog\u00eda, ingenier\u00eda civil en donde expresaron su opini\u00f3n acerca del segundo piso en avenida 5 de febrero, el proyecto ha sido cancelado, as\u00ed lo confirm\u00f3 el Secretario de Desarrollo Urbano y Obras P\u00fablicas (SDUOP), Fernando Gonz\u00e1lez, quien reconoci\u00f3 que el rechazo a dicha obra fue un\u00e1nime&nbsp;<\/p>\n\n\n\n<blockquote class=\"wp-block-quote is-layout-flow wp-block-quote-is-layout-flow\"><p>\u201cUna de las determinaciones que se tom\u00f3 fue \u2018no al segundo piso\u2019, la mayor\u00eda de la gente dice que no al segundo piso como una opci\u00f3n, fue un consenso generalizado\u201d<\/p><\/blockquote>\n\n\n\n<p>De acuerdo con el funcionario, algunos de los factores como usos de suelo y el reto que implicaba las obras a ejecutar, habr\u00edan contribuido a que se \u201cabortara\u201d el proyecto. Adem\u00e1s el foro para regeneraci\u00f3n urbana de 5 de febrero se concluy\u00f3 que la premisa debe ser la revisi\u00f3n de la pir\u00e1mide de movilidad.<\/p>\n\n\n\n<blockquote class=\"wp-block-quote is-layout-flow wp-block-quote-is-layout-flow\"><p>\u201cFue el consenso generalizado (\u2026) No al segundo piso como premisa importante, s\u00ed a la revisi\u00f3n de la pir\u00e1mide de movilidad donde privilegiemos importantemente a los peatones, a los ciclistas y el sistema de transporte colectivo\u201d<\/p><\/blockquote>\n\n\n\n<p>Por ello, ahora, la administraci\u00f3n estatal se deber\u00e1 enfocar en trabajar de acuerdo a la pir\u00e1mide de movilidad que pone por encima de todo a los peatones; ciclistas; transporte p\u00fablico, de carga y log\u00edstica y en \u00faltimo t\u00e9rmino, el transporte privado.<\/p>\n\n\n\n<p>Gonz\u00e1lez Salinas, resalt\u00f3 que esta administraci\u00f3n estatal tiene toda la intenci\u00f3n de ser incluyente y dar un valor absoluto a los comentarios que se hacen en los foros realizados.&nbsp;<\/p>\n","protected":false},"excerpt":{"rendered":"<p>Luego de llevar a cabo foros ciudadanos, consensos de organizaciones y expertos en materia de movilidad, ecolog\u00eda, ingenier\u00eda civil en donde expresaron su opini\u00f3n acerca del segundo piso en avenida &hellip; <a href=\"https:\/\/a3noticias.com.mx\/sandbox\/2021\/11\/24\/proyecto-de-segundo-piso-en-queretaro-queda-descartado\/\" class=\"more-link\">Leer m\u00e1s<\/a><\/p>\n","protected":false},"author":2,"featured_media":17143,"comment_status":"open","ping_status":"open","sticky":false,"template":"","format":"standard","meta":{"_monsterinsights_skip_tracking":false,"_monsterinsights_sitenote_active":false,"_monsterinsights_sitenote_note":"","_monsterinsights_sitenote_category":0,"footnotes":""},"categories":[2],"tags":[],"class_list":["post-17142","post","type-post","status-publish","format-standard","has-post-thumbnail","hentry","category-qro","entry"],"aioseo_notices":[],"_links":{"self":[{"href":"https:\/\/a3noticias.com.mx\/sandbox\/wp-json\/wp\/v2\/posts\/17142","targetHints":{"allow":["GET"]}}],"collection":[{"href":"https:\/\/a3noticias.com.mx\/sandbox\/wp-json\/wp\/v2\/posts"}],"about":[{"href":"https:\/\/a3noticias.com.mx\/sandbox\/wp-json\/wp\/v2\/types\/post"}],"author":[{"embeddable":true,"href":"https:\/\/a3noticias.com.mx\/sandbox\/wp-json\/wp\/v2\/users\/2"}],"replies":[{"embeddable":true,"href":"https:\/\/a3noticias.com.mx\/sandbox\/wp-json\/wp\/v2\/comments?post=17142"}],"version-history":[{"count":1,"href":"https:\/\/a3noticias.com.mx\/sandbox\/wp-json\/wp\/v2\/posts\/17142\/revisions"}],"predecessor-version":[{"id":17144,"href":"https:\/\/a3noticias.com.mx\/sandbox\/wp-json\/wp\/v2\/posts\/17142\/revisions\/17144"}],"wp:featuredmedia":[{"embeddable":true,"href":"https:\/\/a3noticias.com.mx\/sandbox\/wp-json\/wp\/v2\/media\/17143"}],"wp:attachment":[{"href":"https:\/\/a3noticias.com.mx\/sandbox\/wp-json\/wp\/v2\/media?parent=17142"}],"wp:term":[{"taxonomy":"category","embeddable":true,"href":"https:\/\/a3noticias.com.mx\/sandbox\/wp-json\/wp\/v2\/categories?post=17142"},{"taxonomy":"post_tag","embeddable":true,"href":"https:\/\/a3noticias.com.mx\/sandbox\/wp-json\/wp\/v2\/tags?post=17142"}],"curies":[{"name":"wp","href":"https:\/\/api.w.org\/{rel}","templated":true}]}}