{"id":17152,"date":"2021-11-25T10:01:08","date_gmt":"2021-11-25T16:01:08","guid":{"rendered":"https:\/\/a3noticias.com.mx\/sandbox\/?p=17152"},"modified":"2021-11-25T10:27:28","modified_gmt":"2021-11-25T16:27:28","slug":"gobernador-llama-a-mujeres-a-manifestarse-civilizadamente-por-25n","status":"publish","type":"post","link":"https:\/\/a3noticias.com.mx\/sandbox\/2021\/11\/25\/gobernador-llama-a-mujeres-a-manifestarse-civilizadamente-por-25n\/","title":{"rendered":"Gobernador llama a mujeres a manifestarse \u00abcivilizadamente\u00bb por 25N."},"content":{"rendered":"\n<p>El gobernador de Quer\u00e9taro, Mauricio Kuri Gonz\u00e1lez, declar\u00f3 que en caso de presentarse \u201cdisturbios\u201d o \u201cactos violentos\u201d en la manifestaci\u00f3n feminista que se prev\u00e9 en el marco del \u201cD\u00eda Internacional de la Eliminaci\u00f3n de la Violencia contra la Mujer\u201d s\u00ed se presentar\u00e1 la denuncia correspondiente en contra de la o las mujeres que los lleven a cabo.&nbsp;<\/p>\n\n\n\n<blockquote class=\"wp-block-quote is-layout-flow wp-block-quote-is-layout-flow\"><p>\u201cLo que nosotros les decimos es que no puedes manifestarte contra la violencia haciendo violencia, creo que es echarle m\u00e1s fuego o m\u00e1s gasolina al fuego\u201d<\/p><\/blockquote>\n\n\n\n<p>Kuri Gonz\u00e1lez explic\u00f3 que entiende que el 25N es un momento importante, sobre todo ahora que con la pandemia se increment\u00f3 la violencia hacia las mujeres, sin embargo, exhort\u00f3 a las f\u00e9minas a manifestarse de forma pac\u00edfica.&nbsp;<\/p>\n\n\n\n<blockquote class=\"wp-block-quote is-layout-flow wp-block-quote-is-layout-flow\"><p>\u201cCreo que es el momento de, por supuesto, de que se manifiesten, de levantar la mano de una forma pac\u00edfica, de una forma civilizada\u201d.<\/p><\/blockquote>\n\n\n\n<p>De acuerdo con el mandatario estatal, Quer\u00e9taro es el \u00fanico estado en todo el pa\u00eds en el que todos los feminicidios han sido esclarecidos y se\u00f1al\u00f3 que debe haber m\u00e1s apoyo hacia la mujer por parte del gobierno del estado y de las instituciones dedicadas a esos temas en concreto.&nbsp;<\/p>\n\n\n\n<p>Por otro lado, coment\u00f3 que, en Quer\u00e9taro, el&nbsp; esclarecimiento de los homicidios es del 80%&nbsp; y afirm\u00f3 que se seguir\u00e1 apostando por tener una fiscal\u00eda fuerte para que as\u00ed no haya impunidad en la entidad, asimismo, resalt\u00f3 que es responsabilidad de los estados darle a los ciudadanos la seguridad y tranquilidad.&nbsp;<\/p>\n","protected":false},"excerpt":{"rendered":"<p>El gobernador de Quer\u00e9taro, Mauricio Kuri Gonz\u00e1lez, declar\u00f3 que en caso de presentarse \u201cdisturbios\u201d o \u201cactos violentos\u201d en la manifestaci\u00f3n feminista que se prev\u00e9 en el marco del \u201cD\u00eda Internacional &hellip; <a href=\"https:\/\/a3noticias.com.mx\/sandbox\/2021\/11\/25\/gobernador-llama-a-mujeres-a-manifestarse-civilizadamente-por-25n\/\" class=\"more-link\">Leer m\u00e1s<\/a><\/p>\n","protected":false},"author":2,"featured_media":17153,"comment_status":"open","ping_status":"open","sticky":false,"template":"","format":"standard","meta":{"_monsterinsights_skip_tracking":false,"_monsterinsights_sitenote_active":false,"_monsterinsights_sitenote_note":"","_monsterinsights_sitenote_category":0,"footnotes":""},"categories":[2],"tags":[],"class_list":["post-17152","post","type-post","status-publish","format-standard","has-post-thumbnail","hentry","category-qro","entry"],"aioseo_notices":[],"_links":{"self":[{"href":"https:\/\/a3noticias.com.mx\/sandbox\/wp-json\/wp\/v2\/posts\/17152","targetHints":{"allow":["GET"]}}],"collection":[{"href":"https:\/\/a3noticias.com.mx\/sandbox\/wp-json\/wp\/v2\/posts"}],"about":[{"href":"https:\/\/a3noticias.com.mx\/sandbox\/wp-json\/wp\/v2\/types\/post"}],"author":[{"embeddable":true,"href":"https:\/\/a3noticias.com.mx\/sandbox\/wp-json\/wp\/v2\/users\/2"}],"replies":[{"embeddable":true,"href":"https:\/\/a3noticias.com.mx\/sandbox\/wp-json\/wp\/v2\/comments?post=17152"}],"version-history":[{"count":1,"href":"https:\/\/a3noticias.com.mx\/sandbox\/wp-json\/wp\/v2\/posts\/17152\/revisions"}],"predecessor-version":[{"id":17154,"href":"https:\/\/a3noticias.com.mx\/sandbox\/wp-json\/wp\/v2\/posts\/17152\/revisions\/17154"}],"wp:featuredmedia":[{"embeddable":true,"href":"https:\/\/a3noticias.com.mx\/sandbox\/wp-json\/wp\/v2\/media\/17153"}],"wp:attachment":[{"href":"https:\/\/a3noticias.com.mx\/sandbox\/wp-json\/wp\/v2\/media?parent=17152"}],"wp:term":[{"taxonomy":"category","embeddable":true,"href":"https:\/\/a3noticias.com.mx\/sandbox\/wp-json\/wp\/v2\/categories?post=17152"},{"taxonomy":"post_tag","embeddable":true,"href":"https:\/\/a3noticias.com.mx\/sandbox\/wp-json\/wp\/v2\/tags?post=17152"}],"curies":[{"name":"wp","href":"https:\/\/api.w.org\/{rel}","templated":true}]}}