{"id":17155,"date":"2021-11-25T10:26:20","date_gmt":"2021-11-25T16:26:20","guid":{"rendered":"https:\/\/a3noticias.com.mx\/sandbox\/?p=17155"},"modified":"2021-11-25T10:26:22","modified_gmt":"2021-11-25T16:26:22","slug":"violencia-hacia-las-mujeres-se-combatira-por-conviccion-y-no-por-moda-amlo","status":"publish","type":"post","link":"https:\/\/a3noticias.com.mx\/sandbox\/2021\/11\/25\/violencia-hacia-las-mujeres-se-combatira-por-conviccion-y-no-por-moda-amlo\/","title":{"rendered":"Violencia hacia las mujeres se combatir\u00e1 por convicci\u00f3n y no por moda: AMLO."},"content":{"rendered":"\n<p>En el D\u00eda Internacional de la Eliminaci\u00f3n de la Violencia Contra la Mujer, Rosa Icela Rodr\u00edguez,&nbsp; secretaria de Seguridad y Protecci\u00f3n Ciudadana, se\u00f1al\u00f3 que la violencia de g\u00e9nero no es normal, y que por ello se han implementado acciones para prevenirla, atenderla, castigarla y erradicarla.&nbsp;&nbsp;<\/p>\n\n\n\n<blockquote class=\"wp-block-quote is-layout-flow wp-block-quote-is-layout-flow\"><p>\u201cLa violencia no es normal, no es natural, educar para la igualdad erradicar machismo y misoginia de las relaciones humanas aspiramos no a la confrontaci\u00f3n, sino al di\u00e1logo y respeto. La lucha continua todos los d\u00edas, (&#8230;) tenemos el compromiso de impulsar que las leyes se respeten y ejerzan, la tarea no es menor, vamos juntas\u201d.<\/p><\/blockquote>\n\n\n\n<p>La funcionaria apunt\u00f3 que para luchar no hay descanso ni tregua, y que son necesarios la constancia, el compromiso, la convicci\u00f3n y la disciplina, adem\u00e1s resalt\u00f3 que se trata de un reto que demanda que todas las instituciones de los tres \u00f3rdenes de gobierno trabajen unidas. Asimismo reconoci\u00f3 que es prioridad no minimizar las denuncias de quienes son v\u00edctimas directas o indirectas de violencia, as\u00ed como combatir la impunidad castigando a los agresores.<\/p>\n\n\n\n<p>Por su parte, el presidente de M\u00e9xico, Andr\u00e9s Manuel L\u00f3pez Obrador dijo que su gobierno siempre ha estado comprometido con el combate a este problema, as\u00ed como con promover la paridad en los espacios p\u00fablicos y resalt\u00f3 que lo hace por convicci\u00f3n y no \u00abpor moda\u00bb, como seg\u00fan \u00e9l lo hacen sus adversarios.<\/p>\n\n\n\n<blockquote class=\"wp-block-quote is-layout-flow wp-block-quote-is-layout-flow\"><p>\u00abVamos a seguir apoyando, protegiendo a las mujeres, cuid\u00e1ndolas, enfrentando y combatiendo el feminicidio, toda la violencia en contra de las mujeres, por convicci\u00f3n, no por moda, porque en los \u00faltimos tiempos los conservadores se volvieron feministas; claro, pura hipocres\u00eda porque esa es la doctrina de los conservadores, la hipocres\u00eda\u201d.<\/p><\/blockquote>\n\n\n\n<p>El jefe del Ejecutivo asegur\u00f3 que su gobierno combatir\u00e1 los feminicidios, un delito que ha ido en aumento en esta administraci\u00f3n, reconoci\u00f3, pues de diciembre de 2018 a octubre de 2021, se han registrado 2,892 asesinatos por raz\u00f3n de g\u00e9nero.<\/p>\n\n\n\n<blockquote class=\"wp-block-quote is-layout-flow wp-block-quote-is-layout-flow\"><p>\u00abEl compromiso con las mujeres es el de protegerlas, el de no dejarlas en desamparo, reafirmar nuestras convicciones de siempre\u201d.\u00a0<\/p><\/blockquote>\n","protected":false},"excerpt":{"rendered":"<p>En el D\u00eda Internacional de la Eliminaci\u00f3n de la Violencia Contra la Mujer, Rosa Icela Rodr\u00edguez,&nbsp; secretaria de Seguridad y Protecci\u00f3n Ciudadana, se\u00f1al\u00f3 que la violencia de g\u00e9nero no es &hellip; <a href=\"https:\/\/a3noticias.com.mx\/sandbox\/2021\/11\/25\/violencia-hacia-las-mujeres-se-combatira-por-conviccion-y-no-por-moda-amlo\/\" class=\"more-link\">Leer m\u00e1s<\/a><\/p>\n","protected":false},"author":2,"featured_media":17156,"comment_status":"open","ping_status":"open","sticky":false,"template":"","format":"standard","meta":{"_monsterinsights_skip_tracking":false,"_monsterinsights_sitenote_active":false,"_monsterinsights_sitenote_note":"","_monsterinsights_sitenote_category":0,"footnotes":""},"categories":[3],"tags":[],"class_list":["post-17155","post","type-post","status-publish","format-standard","has-post-thumbnail","hentry","category-nal","entry"],"aioseo_notices":[],"_links":{"self":[{"href":"https:\/\/a3noticias.com.mx\/sandbox\/wp-json\/wp\/v2\/posts\/17155","targetHints":{"allow":["GET"]}}],"collection":[{"href":"https:\/\/a3noticias.com.mx\/sandbox\/wp-json\/wp\/v2\/posts"}],"about":[{"href":"https:\/\/a3noticias.com.mx\/sandbox\/wp-json\/wp\/v2\/types\/post"}],"author":[{"embeddable":true,"href":"https:\/\/a3noticias.com.mx\/sandbox\/wp-json\/wp\/v2\/users\/2"}],"replies":[{"embeddable":true,"href":"https:\/\/a3noticias.com.mx\/sandbox\/wp-json\/wp\/v2\/comments?post=17155"}],"version-history":[{"count":1,"href":"https:\/\/a3noticias.com.mx\/sandbox\/wp-json\/wp\/v2\/posts\/17155\/revisions"}],"predecessor-version":[{"id":17157,"href":"https:\/\/a3noticias.com.mx\/sandbox\/wp-json\/wp\/v2\/posts\/17155\/revisions\/17157"}],"wp:featuredmedia":[{"embeddable":true,"href":"https:\/\/a3noticias.com.mx\/sandbox\/wp-json\/wp\/v2\/media\/17156"}],"wp:attachment":[{"href":"https:\/\/a3noticias.com.mx\/sandbox\/wp-json\/wp\/v2\/media?parent=17155"}],"wp:term":[{"taxonomy":"category","embeddable":true,"href":"https:\/\/a3noticias.com.mx\/sandbox\/wp-json\/wp\/v2\/categories?post=17155"},{"taxonomy":"post_tag","embeddable":true,"href":"https:\/\/a3noticias.com.mx\/sandbox\/wp-json\/wp\/v2\/tags?post=17155"}],"curies":[{"name":"wp","href":"https:\/\/api.w.org\/{rel}","templated":true}]}}