{"id":17159,"date":"2021-11-25T11:16:52","date_gmt":"2021-11-25T17:16:52","guid":{"rendered":"https:\/\/a3noticias.com.mx\/sandbox\/?p=17159"},"modified":"2021-11-25T11:16:56","modified_gmt":"2021-11-25T17:16:56","slug":"municipio-de-queretaro-se-certifica-en-igualdad-laboral-y-no-discriminacion","status":"publish","type":"post","link":"https:\/\/a3noticias.com.mx\/sandbox\/2021\/11\/25\/municipio-de-queretaro-se-certifica-en-igualdad-laboral-y-no-discriminacion\/","title":{"rendered":"Municipio de Quer\u00e9taro se certifica en Igualdad Laboral y No Discriminaci\u00f3n"},"content":{"rendered":"\n<p>El municipio de Quer\u00e9taro se hizo acreedor a la Certificaci\u00f3n de la Norma Mexicana NMX-025-SCFI-2015 para la Igualdad Laboral y No Discriminaci\u00f3n, la cual recibi\u00f3 el presidente municipal, Luis Nava. Dicho reconocimiento fue posible gracias a las pr\u00e1cticas llevadas a cabo por la administraci\u00f3n para generar condiciones de equidad de g\u00e9nero laboral en las dependencias p\u00fablicas, as\u00ed como acciones en pro de la No Discriminaci\u00f3n.<\/p>\n\n\n\n<blockquote class=\"wp-block-quote is-layout-flow wp-block-quote-is-layout-flow\"><p>\u201cEs un honor ser el primer y \u00fanico municipio del estado que nos hemos certificado en el cumplimiento de esta norma, y seguiremos trabajando por esa v\u00eda, impulsando la igualdad entre hombres y mujeres, la accesibilidad y la inclusi\u00f3n, en todos los centros de trabajo del Municipio de Quer\u00e9taro, con el objetivo no s\u00f3lo de mantener la certificaci\u00f3n, sino sobre todo, de ver por las y los servidores p\u00fablicos y seguir construyendo la ciudad que queremos\u201d, se\u00f1al\u00f3 Nava.<\/p><\/blockquote>\n\n\n\n<p>El presidente del municipio apunt\u00f3 que la administraci\u00f3n siempre busca el desarrollo integral de los funcionarios p\u00fablicos, a trav\u00e9s de pr\u00e1cticas que favorecen el avance en la inclusi\u00f3n y el respeto a sus derechos laborales.<\/p>\n\n\n\n<p>La Norma Mexicana NMX-025-SCFI-2015 ha sido analizada por diversas instituciones a favor de la igualdad, la justicia y la dignidad como lo son:&nbsp;la Secretar\u00eda del Trabajo y Prevenci\u00f3n Social, el Instituto Nacional de las Mujeres, y el Consejo Nacional para Prevenir la Discriminaci\u00f3n. Con esta certificaci\u00f3n se reconoce la labor del municipio con respecto a este tema y se ubica como referente para otros municipios del estado, as\u00ed como para la iniciativa privada.<\/p>\n\n\n\n<p>La certificaci\u00f3n fue entregada por Fernando Chinquini Barrios, Socio Director de Factual Services,&nbsp;quien detall\u00f3 que los trabajos realizados por la administraci\u00f3n han sido bien difundidos y fundados, permitiendo as\u00ed la implementaci\u00f3n de diversas acciones que favorecen a todo el personal, sus familias y la comunidad en general.<\/p>\n","protected":false},"excerpt":{"rendered":"<p>El municipio de Quer\u00e9taro se hizo acreedor a la Certificaci\u00f3n de la Norma Mexicana NMX-025-SCFI-2015 para la Igualdad Laboral y No Discriminaci\u00f3n, la cual recibi\u00f3 el presidente municipal, Luis Nava. &hellip; <a href=\"https:\/\/a3noticias.com.mx\/sandbox\/2021\/11\/25\/municipio-de-queretaro-se-certifica-en-igualdad-laboral-y-no-discriminacion\/\" class=\"more-link\">Leer m\u00e1s<\/a><\/p>\n","protected":false},"author":4,"featured_media":17160,"comment_status":"open","ping_status":"open","sticky":false,"template":"","format":"standard","meta":{"_monsterinsights_skip_tracking":false,"_monsterinsights_sitenote_active":false,"_monsterinsights_sitenote_note":"","_monsterinsights_sitenote_category":0,"footnotes":""},"categories":[2],"tags":[],"class_list":["post-17159","post","type-post","status-publish","format-standard","has-post-thumbnail","hentry","category-qro","entry"],"aioseo_notices":[],"_links":{"self":[{"href":"https:\/\/a3noticias.com.mx\/sandbox\/wp-json\/wp\/v2\/posts\/17159","targetHints":{"allow":["GET"]}}],"collection":[{"href":"https:\/\/a3noticias.com.mx\/sandbox\/wp-json\/wp\/v2\/posts"}],"about":[{"href":"https:\/\/a3noticias.com.mx\/sandbox\/wp-json\/wp\/v2\/types\/post"}],"author":[{"embeddable":true,"href":"https:\/\/a3noticias.com.mx\/sandbox\/wp-json\/wp\/v2\/users\/4"}],"replies":[{"embeddable":true,"href":"https:\/\/a3noticias.com.mx\/sandbox\/wp-json\/wp\/v2\/comments?post=17159"}],"version-history":[{"count":1,"href":"https:\/\/a3noticias.com.mx\/sandbox\/wp-json\/wp\/v2\/posts\/17159\/revisions"}],"predecessor-version":[{"id":17161,"href":"https:\/\/a3noticias.com.mx\/sandbox\/wp-json\/wp\/v2\/posts\/17159\/revisions\/17161"}],"wp:featuredmedia":[{"embeddable":true,"href":"https:\/\/a3noticias.com.mx\/sandbox\/wp-json\/wp\/v2\/media\/17160"}],"wp:attachment":[{"href":"https:\/\/a3noticias.com.mx\/sandbox\/wp-json\/wp\/v2\/media?parent=17159"}],"wp:term":[{"taxonomy":"category","embeddable":true,"href":"https:\/\/a3noticias.com.mx\/sandbox\/wp-json\/wp\/v2\/categories?post=17159"},{"taxonomy":"post_tag","embeddable":true,"href":"https:\/\/a3noticias.com.mx\/sandbox\/wp-json\/wp\/v2\/tags?post=17159"}],"curies":[{"name":"wp","href":"https:\/\/api.w.org\/{rel}","templated":true}]}}