{"id":17162,"date":"2021-11-25T12:01:52","date_gmt":"2021-11-25T18:01:52","guid":{"rendered":"https:\/\/a3noticias.com.mx\/sandbox\/?p=17162"},"modified":"2021-11-25T12:01:55","modified_gmt":"2021-11-25T18:01:55","slug":"inm-no-tiene-acuerdo-con-queretaro-para-recibir-caravana-migrante-murguia","status":"publish","type":"post","link":"https:\/\/a3noticias.com.mx\/sandbox\/2021\/11\/25\/inm-no-tiene-acuerdo-con-queretaro-para-recibir-caravana-migrante-murguia\/","title":{"rendered":"INM no tiene acuerdo con Quer\u00e9taro para recibir caravana migrante: Murgu\u00eda."},"content":{"rendered":"\n<p>Guadalupe Mugu\u00eda, secretaria de Gobierno, dijo que no ha habido acuerdo con el Instituto Nacional de Migraci\u00f3n para recibir a quienes vienen en la caravana migrante y se\u00f1al\u00f3 que la dependencia s\u00ed ha hecho acuerdos con otras entidades federativas, sin embargo en Quer\u00e9taro no ha sido as\u00ed.&nbsp;<\/p>\n\n\n\n<blockquote class=\"wp-block-quote is-layout-flow wp-block-quote-is-layout-flow\"><p>\u201cNosotros no tenemos ning\u00fan acuerdo con el Instituto Nacional de Migraci\u00f3n, en ese sentido no hay acuerdos en la materia (&#8230;) No ha habido este acuerdo de voluntades para ver c\u00f3mo se atiende este tr\u00e1mite. Que nos pongamos de acuerdo, porque no hay acuerdo, simplemente\u201d.\u00a0<\/p><\/blockquote>\n\n\n\n<p>Murgu\u00eda apunt\u00f3 que durante la mesa de seguridad del mi\u00e9rcoles, el director de migraci\u00f3n hizo referencia al tema de los migrantes, pero reiter\u00f3 que con Quer\u00e9taro no hay acuerdo y dijo desconocer las razones por las cuales el INM no ha coordinado los esfuerzos para la recepci\u00f3n de los migrantes.&nbsp;<\/p>\n\n\n\n<blockquote class=\"wp-block-quote is-layout-flow wp-block-quote-is-layout-flow\"><p>\u201cNo tengo conocimientos, ni de cu\u00e1ndo, ni de cu\u00e1ntos, y no hay un acuerdo. Lo han hecho con los DIF en otras entidades, en el caso de Quer\u00e9taro no hay acuerdos\u201d.\u00a0<\/p><\/blockquote>\n","protected":false},"excerpt":{"rendered":"<p>Guadalupe Mugu\u00eda, secretaria de Gobierno, dijo que no ha habido acuerdo con el Instituto Nacional de Migraci\u00f3n para recibir a quienes vienen en la caravana migrante y se\u00f1al\u00f3 que la &hellip; <a href=\"https:\/\/a3noticias.com.mx\/sandbox\/2021\/11\/25\/inm-no-tiene-acuerdo-con-queretaro-para-recibir-caravana-migrante-murguia\/\" class=\"more-link\">Leer m\u00e1s<\/a><\/p>\n","protected":false},"author":2,"featured_media":17163,"comment_status":"open","ping_status":"open","sticky":false,"template":"","format":"standard","meta":{"_monsterinsights_skip_tracking":false,"_monsterinsights_sitenote_active":false,"_monsterinsights_sitenote_note":"","_monsterinsights_sitenote_category":0,"footnotes":""},"categories":[2],"tags":[],"class_list":["post-17162","post","type-post","status-publish","format-standard","has-post-thumbnail","hentry","category-qro","entry"],"aioseo_notices":[],"_links":{"self":[{"href":"https:\/\/a3noticias.com.mx\/sandbox\/wp-json\/wp\/v2\/posts\/17162","targetHints":{"allow":["GET"]}}],"collection":[{"href":"https:\/\/a3noticias.com.mx\/sandbox\/wp-json\/wp\/v2\/posts"}],"about":[{"href":"https:\/\/a3noticias.com.mx\/sandbox\/wp-json\/wp\/v2\/types\/post"}],"author":[{"embeddable":true,"href":"https:\/\/a3noticias.com.mx\/sandbox\/wp-json\/wp\/v2\/users\/2"}],"replies":[{"embeddable":true,"href":"https:\/\/a3noticias.com.mx\/sandbox\/wp-json\/wp\/v2\/comments?post=17162"}],"version-history":[{"count":1,"href":"https:\/\/a3noticias.com.mx\/sandbox\/wp-json\/wp\/v2\/posts\/17162\/revisions"}],"predecessor-version":[{"id":17164,"href":"https:\/\/a3noticias.com.mx\/sandbox\/wp-json\/wp\/v2\/posts\/17162\/revisions\/17164"}],"wp:featuredmedia":[{"embeddable":true,"href":"https:\/\/a3noticias.com.mx\/sandbox\/wp-json\/wp\/v2\/media\/17163"}],"wp:attachment":[{"href":"https:\/\/a3noticias.com.mx\/sandbox\/wp-json\/wp\/v2\/media?parent=17162"}],"wp:term":[{"taxonomy":"category","embeddable":true,"href":"https:\/\/a3noticias.com.mx\/sandbox\/wp-json\/wp\/v2\/categories?post=17162"},{"taxonomy":"post_tag","embeddable":true,"href":"https:\/\/a3noticias.com.mx\/sandbox\/wp-json\/wp\/v2\/tags?post=17162"}],"curies":[{"name":"wp","href":"https:\/\/api.w.org\/{rel}","templated":true}]}}