{"id":17165,"date":"2021-11-25T13:28:26","date_gmt":"2021-11-25T19:28:26","guid":{"rendered":"https:\/\/a3noticias.com.mx\/sandbox\/?p=17165"},"modified":"2021-11-25T13:28:29","modified_gmt":"2021-11-25T19:28:29","slug":"en-queretaro-hay-dos-situaciones-donde-se-visibiliza-brecha-de-genero-en-sector-comercial-canaco","status":"publish","type":"post","link":"https:\/\/a3noticias.com.mx\/sandbox\/2021\/11\/25\/en-queretaro-hay-dos-situaciones-donde-se-visibiliza-brecha-de-genero-en-sector-comercial-canaco\/","title":{"rendered":"En Quer\u00e9taro hay dos situaciones donde se visibiliza brecha de g\u00e9nero en sector comercial: Canaco."},"content":{"rendered":"\n<p>De acuerdo con la C\u00e1mara Nacional de Comercio (Canaco), Quer\u00e9taro han sido identificadas dos situaciones en las que se visibiliza la brecha de g\u00e9nero en el sector comercial, una hace referencia a que solo 3 de cada 10 empresas son dirigidas por mujeres y la segunda tiene que ver con que en los tabuladores de mandos directivos llegan a ser inequitativos hasta en un 60 por ciento en los salarios entre hombres y mujeres, as\u00ed lo detall\u00f3 el presidente del organismo en Quer\u00e9taro, Fabi\u00e1n Camacho Arredondo en el D\u00eda Internacional de la Eliminaci\u00f3n de la Violencia contra las Mujeres.<\/p>\n\n\n\n<blockquote class=\"wp-block-quote is-layout-flow wp-block-quote-is-layout-flow\"><p>\u201cEl \u00edndice que nosotros tenemos es que al menos de cada 10 empresas s\u00f3lo 3 son dirigidas por mujeres. Y en materia de brecha salarial el dato que tenemos es que en algunos tabuladores para mandos directivos existen ejercicios inequitativos, muchas veces hasta de un 60%\u201d.<\/p><\/blockquote>\n\n\n\n<p>Se\u00f1al\u00f3 que como C\u00e1mara est\u00e1n sum\u00e1ndose a las estrategias para la eliminaci\u00f3n de brechas, impulsadas por gobierno del estado, tal como el distintivo \u2018Sin Brecha\u2019, con el que se invita a las empresas a que diagnostiquen y tomen medidas internas para erradicar estas diferencias.&nbsp;<\/p>\n\n\n\n<p>Se\u00f1al\u00f3 que entre las acciones que lleva a cabo este sector, se encuentra el incentivar la incorporaci\u00f3n de m\u00e1s mujeres a la din\u00e1mica empresarial formal as\u00ed como la incorporaci\u00f3n de m\u00e1s mujeres a procesos de empleabilidad, ya que sostuvo que en la medida de que tengan la capacidad econ\u00f3mica para solventar sus necesidades habr\u00e1 un mayor empoderamiento, reduciendo inclusive los \u00edndices de violencia.<\/p>\n\n\n\n<blockquote class=\"wp-block-quote is-layout-flow wp-block-quote-is-layout-flow\"><p>\u201cSiempre estaremos y estamos comprometidos en el tema de ejercer estas acciones afirmativas en los negocios de las organizaciones para que la brecha que sigue existiendo, y que muchas veces se traduce en violencia, cada vez sea menor\u201d.<\/p><\/blockquote>\n","protected":false},"excerpt":{"rendered":"<p>De acuerdo con la C\u00e1mara Nacional de Comercio (Canaco), Quer\u00e9taro han sido identificadas dos situaciones en las que se visibiliza la brecha de g\u00e9nero en el sector comercial, una hace &hellip; <a href=\"https:\/\/a3noticias.com.mx\/sandbox\/2021\/11\/25\/en-queretaro-hay-dos-situaciones-donde-se-visibiliza-brecha-de-genero-en-sector-comercial-canaco\/\" class=\"more-link\">Leer m\u00e1s<\/a><\/p>\n","protected":false},"author":2,"featured_media":17166,"comment_status":"open","ping_status":"open","sticky":false,"template":"","format":"standard","meta":{"_monsterinsights_skip_tracking":false,"_monsterinsights_sitenote_active":false,"_monsterinsights_sitenote_note":"","_monsterinsights_sitenote_category":0,"footnotes":""},"categories":[2],"tags":[],"class_list":["post-17165","post","type-post","status-publish","format-standard","has-post-thumbnail","hentry","category-qro","entry"],"aioseo_notices":[],"_links":{"self":[{"href":"https:\/\/a3noticias.com.mx\/sandbox\/wp-json\/wp\/v2\/posts\/17165","targetHints":{"allow":["GET"]}}],"collection":[{"href":"https:\/\/a3noticias.com.mx\/sandbox\/wp-json\/wp\/v2\/posts"}],"about":[{"href":"https:\/\/a3noticias.com.mx\/sandbox\/wp-json\/wp\/v2\/types\/post"}],"author":[{"embeddable":true,"href":"https:\/\/a3noticias.com.mx\/sandbox\/wp-json\/wp\/v2\/users\/2"}],"replies":[{"embeddable":true,"href":"https:\/\/a3noticias.com.mx\/sandbox\/wp-json\/wp\/v2\/comments?post=17165"}],"version-history":[{"count":1,"href":"https:\/\/a3noticias.com.mx\/sandbox\/wp-json\/wp\/v2\/posts\/17165\/revisions"}],"predecessor-version":[{"id":17167,"href":"https:\/\/a3noticias.com.mx\/sandbox\/wp-json\/wp\/v2\/posts\/17165\/revisions\/17167"}],"wp:featuredmedia":[{"embeddable":true,"href":"https:\/\/a3noticias.com.mx\/sandbox\/wp-json\/wp\/v2\/media\/17166"}],"wp:attachment":[{"href":"https:\/\/a3noticias.com.mx\/sandbox\/wp-json\/wp\/v2\/media?parent=17165"}],"wp:term":[{"taxonomy":"category","embeddable":true,"href":"https:\/\/a3noticias.com.mx\/sandbox\/wp-json\/wp\/v2\/categories?post=17165"},{"taxonomy":"post_tag","embeddable":true,"href":"https:\/\/a3noticias.com.mx\/sandbox\/wp-json\/wp\/v2\/tags?post=17165"}],"curies":[{"name":"wp","href":"https:\/\/api.w.org\/{rel}","templated":true}]}}