{"id":17185,"date":"2021-11-26T12:10:41","date_gmt":"2021-11-26T18:10:41","guid":{"rendered":"https:\/\/a3noticias.com.mx\/sandbox\/?p=17185"},"modified":"2021-11-26T12:10:44","modified_gmt":"2021-11-26T18:10:44","slug":"kuri-gonzalez-senala-que-queretaro-no-cuenta-con-las-condiciones-para-mantener-a-migrantes","status":"publish","type":"post","link":"https:\/\/a3noticias.com.mx\/sandbox\/2021\/11\/26\/kuri-gonzalez-senala-que-queretaro-no-cuenta-con-las-condiciones-para-mantener-a-migrantes\/","title":{"rendered":"Kuri Gonz\u00e1lez se\u00f1ala que Quer\u00e9taro no cuenta con las condiciones para mantener a migrantes."},"content":{"rendered":"\n<p>Mauricio Kuri Gonz\u00e1lez, gobernador de Quer\u00e9taro, se\u00f1al\u00f3, al igual que la Secretaria de Gobierno, Lupita Murgu\u00eda, que a\u00fan no existe un acuerdo con el Instituto Nacional de Migraci\u00f3n (INM) para que los migrantes centroamericanos sean enviados a la entidad con la finalidad de regularizar su situaci\u00f3n, ofrecerles empleo y garantizar su estancia en el pa\u00eds.&nbsp;<\/p>\n\n\n\n<blockquote class=\"wp-block-quote is-layout-flow wp-block-quote-is-layout-flow\"><p>\u201cNo tenemos ning\u00fan acuerdo hasta donde tengo entendido. Le ped\u00ed a la Secretaria de Gobierno que checara en qu\u00e9 sentido viene este acuerdo y ver qu\u00e9 podemos hacer\u201d.\u00a0<\/p><\/blockquote>\n\n\n\n<p>Asimismo apunt\u00f3 que en el estado no se cuenta con los espacios adecuados y las fuentes de empleo para garantizar la estancia de los migrantes y resalt\u00f3 que primero se debe ver por los queretanos y luego por los dem\u00e1s que quieran trabajar en Quer\u00e9taro.&nbsp;<\/p>\n\n\n\n<blockquote class=\"wp-block-quote is-layout-flow wp-block-quote-is-layout-flow\"><p>\u201cYo creo que estamos para los queretanos, despu\u00e9s estar\u00edamos viendo para todos los dem\u00e1s. Primero ver\u00edamos por los queretanos y despu\u00e9s ver\u00edamos por aquellos que quieran venir a trabajar a Quer\u00e9taro\u201d.<\/p><\/blockquote>\n\n\n\n<p>El mandatario estatal aclar\u00f3 que desde su punto de vista se debe hacer todo lo posible por darle a los migrantes una seguridad jur\u00eddica y alimentaria, sin embargo dijo que ve complicado el mantenerlos durante un tiempo. Agreg\u00f3 que al no haber acuerdo se desconoce cu\u00e1ntas personas ser\u00edan y cu\u00e1ndo se prev\u00e9 su llegada al estado, adem\u00e1s de la situaci\u00f3n migratoria.<\/p>\n","protected":false},"excerpt":{"rendered":"<p>Mauricio Kuri Gonz\u00e1lez, gobernador de Quer\u00e9taro, se\u00f1al\u00f3, al igual que la Secretaria de Gobierno, Lupita Murgu\u00eda, que a\u00fan no existe un acuerdo con el Instituto Nacional de Migraci\u00f3n (INM) para &hellip; <a href=\"https:\/\/a3noticias.com.mx\/sandbox\/2021\/11\/26\/kuri-gonzalez-senala-que-queretaro-no-cuenta-con-las-condiciones-para-mantener-a-migrantes\/\" class=\"more-link\">Leer m\u00e1s<\/a><\/p>\n","protected":false},"author":2,"featured_media":17163,"comment_status":"open","ping_status":"open","sticky":false,"template":"","format":"standard","meta":{"_monsterinsights_skip_tracking":false,"_monsterinsights_sitenote_active":false,"_monsterinsights_sitenote_note":"","_monsterinsights_sitenote_category":0,"footnotes":""},"categories":[2],"tags":[],"class_list":["post-17185","post","type-post","status-publish","format-standard","has-post-thumbnail","hentry","category-qro","entry"],"aioseo_notices":[],"_links":{"self":[{"href":"https:\/\/a3noticias.com.mx\/sandbox\/wp-json\/wp\/v2\/posts\/17185","targetHints":{"allow":["GET"]}}],"collection":[{"href":"https:\/\/a3noticias.com.mx\/sandbox\/wp-json\/wp\/v2\/posts"}],"about":[{"href":"https:\/\/a3noticias.com.mx\/sandbox\/wp-json\/wp\/v2\/types\/post"}],"author":[{"embeddable":true,"href":"https:\/\/a3noticias.com.mx\/sandbox\/wp-json\/wp\/v2\/users\/2"}],"replies":[{"embeddable":true,"href":"https:\/\/a3noticias.com.mx\/sandbox\/wp-json\/wp\/v2\/comments?post=17185"}],"version-history":[{"count":1,"href":"https:\/\/a3noticias.com.mx\/sandbox\/wp-json\/wp\/v2\/posts\/17185\/revisions"}],"predecessor-version":[{"id":17186,"href":"https:\/\/a3noticias.com.mx\/sandbox\/wp-json\/wp\/v2\/posts\/17185\/revisions\/17186"}],"wp:featuredmedia":[{"embeddable":true,"href":"https:\/\/a3noticias.com.mx\/sandbox\/wp-json\/wp\/v2\/media\/17163"}],"wp:attachment":[{"href":"https:\/\/a3noticias.com.mx\/sandbox\/wp-json\/wp\/v2\/media?parent=17185"}],"wp:term":[{"taxonomy":"category","embeddable":true,"href":"https:\/\/a3noticias.com.mx\/sandbox\/wp-json\/wp\/v2\/categories?post=17185"},{"taxonomy":"post_tag","embeddable":true,"href":"https:\/\/a3noticias.com.mx\/sandbox\/wp-json\/wp\/v2\/tags?post=17185"}],"curies":[{"name":"wp","href":"https:\/\/api.w.org\/{rel}","templated":true}]}}