{"id":17207,"date":"2021-11-27T00:00:00","date_gmt":"2021-11-27T06:00:00","guid":{"rendered":"https:\/\/a3noticias.com.mx\/sandbox\/?p=17207"},"modified":"2021-11-26T19:28:16","modified_gmt":"2021-11-27T01:28:16","slug":"se-llevara-a-cabo-fil-guadalajara-del-27-de-noviembre-al-5-de-diciembre","status":"publish","type":"post","link":"https:\/\/a3noticias.com.mx\/sandbox\/2021\/11\/27\/se-llevara-a-cabo-fil-guadalajara-del-27-de-noviembre-al-5-de-diciembre\/","title":{"rendered":"Se llevar\u00e1 a cabo FIL Guadalajara del 27 de noviembre al 5 de diciembre."},"content":{"rendered":"\n<p>Del 27 de noviembre al 5 de diciembre se realizar\u00e1 el encuentro literario en espa\u00f1ol, la Feria Internacional del Libro de Guadalajara. Con un formato h\u00edbrido, el encuentro recibir\u00e1 255 expositores de 27 pa\u00edses, 600 escritores de 46 pa\u00edses, 45 autores y autoras de Per\u00fa, el pa\u00eds invitado.<\/p>\n\n\n\n<p>La programaci\u00f3n incluye a autores como Diamela Eltit (Premio FIL de Literatura en Lenguas Romances), Paul Auster, Joyce Carol Oates, Javier Cercas, Leonardo Padura, Sergio Ram\u00edrez, Margo Glantz, John Boyne, Camila Sosa Villada, Carmen Aristegui, Guillermo Arriaga y Laura Restrepo, entre otros.<\/p>\n\n\n\n<p>Producto de la emergencia sanitaria, este a\u00f1o se plantea que las visitas se dividan en dos horarios para controlar mejor el m\u00e1ximo aforo de visitantes y llevar a cabo las sanitizaciones constantes. El primer turno ser\u00e1 de 9:00 a 14:00 horas y el segundo de 16:00 a 21:00 horas.<\/p>\n\n\n\n<p>El costo por entrada es de $25 adultos y $20 para menores de 12 a\u00f1os, personas de la tercera edad, personas con discapacidad y profesores y estudiantes con credencial vigente. Para asistir es necesario comprar el boleto previamente en l\u00ednea ya que no habr\u00e1 taquillas.<\/p>\n\n\n\n<p>Si planeas visitar este evento con ni\u00f1os, te recomendamos visitar la FIL Ni\u00f1os, que tendr\u00e1 como sede el Centro Cultural Universitario (CCU) de la U. de G. del 2 al 5 de diciembre en un horario de 10:00 a 21:30 hrs. y se dividir\u00e1 en tres turnos.<\/p>\n","protected":false},"excerpt":{"rendered":"<p>Del 27 de noviembre al 5 de diciembre se realizar\u00e1 el encuentro literario en espa\u00f1ol, la Feria Internacional del Libro de Guadalajara. Con un formato h\u00edbrido, el encuentro recibir\u00e1 255 &hellip; <a href=\"https:\/\/a3noticias.com.mx\/sandbox\/2021\/11\/27\/se-llevara-a-cabo-fil-guadalajara-del-27-de-noviembre-al-5-de-diciembre\/\" class=\"more-link\">Leer m\u00e1s<\/a><\/p>\n","protected":false},"author":2,"featured_media":17208,"comment_status":"open","ping_status":"open","sticky":false,"template":"","format":"standard","meta":{"_monsterinsights_skip_tracking":false,"_monsterinsights_sitenote_active":false,"_monsterinsights_sitenote_note":"","_monsterinsights_sitenote_category":0,"footnotes":""},"categories":[9],"tags":[],"class_list":["post-17207","post","type-post","status-publish","format-standard","has-post-thumbnail","hentry","category-cultura","entry"],"aioseo_notices":[],"_links":{"self":[{"href":"https:\/\/a3noticias.com.mx\/sandbox\/wp-json\/wp\/v2\/posts\/17207","targetHints":{"allow":["GET"]}}],"collection":[{"href":"https:\/\/a3noticias.com.mx\/sandbox\/wp-json\/wp\/v2\/posts"}],"about":[{"href":"https:\/\/a3noticias.com.mx\/sandbox\/wp-json\/wp\/v2\/types\/post"}],"author":[{"embeddable":true,"href":"https:\/\/a3noticias.com.mx\/sandbox\/wp-json\/wp\/v2\/users\/2"}],"replies":[{"embeddable":true,"href":"https:\/\/a3noticias.com.mx\/sandbox\/wp-json\/wp\/v2\/comments?post=17207"}],"version-history":[{"count":1,"href":"https:\/\/a3noticias.com.mx\/sandbox\/wp-json\/wp\/v2\/posts\/17207\/revisions"}],"predecessor-version":[{"id":17209,"href":"https:\/\/a3noticias.com.mx\/sandbox\/wp-json\/wp\/v2\/posts\/17207\/revisions\/17209"}],"wp:featuredmedia":[{"embeddable":true,"href":"https:\/\/a3noticias.com.mx\/sandbox\/wp-json\/wp\/v2\/media\/17208"}],"wp:attachment":[{"href":"https:\/\/a3noticias.com.mx\/sandbox\/wp-json\/wp\/v2\/media?parent=17207"}],"wp:term":[{"taxonomy":"category","embeddable":true,"href":"https:\/\/a3noticias.com.mx\/sandbox\/wp-json\/wp\/v2\/categories?post=17207"},{"taxonomy":"post_tag","embeddable":true,"href":"https:\/\/a3noticias.com.mx\/sandbox\/wp-json\/wp\/v2\/tags?post=17207"}],"curies":[{"name":"wp","href":"https:\/\/api.w.org\/{rel}","templated":true}]}}